{"id":1100,"date":"2015-01-26T15:53:00","date_gmt":"2015-01-26T15:53:00","guid":{"rendered":"https:\/\/bkpdefunts.smainternational.info\/?p=1100"},"modified":"2015-01-26T15:53:00","modified_gmt":"2015-01-26T15:53:00","slug":"le-pere-jean-greter","status":"publish","type":"post","link":"https:\/\/www.defunts.smainternational.site\/?p=1100","title":{"rendered":"Le P\u00e8re Jean GRETER"},"content":{"rendered":"<p><strong>Soci\u00e9t\u00e9 des Missions Africaines \u2013Province de Strasbourg<\/strong> <\/p>\n<table style=\"height: 17px; width: 1073px;\">\n<tbody>\n<tr>\n<td><img loading=\"lazy\" decoding=\"async\" class=\" size-full wp-image-1099\" src=\"https:\/\/www.defunts.smainternational.site\/wp-content\/uploads\/2015\/01\/GRETER_Jean.jpg\" alt=\"GRETER Jean\" width=\"113\" height=\"141\" \/><\/td>\n<td>n\u00e9 le 27 ao\u00fbt 1938 \u00e0 Altkirch<br \/>dans le dioc\u00e8se de Strasbourg, France<br \/>membre de la SMA le 16 juillet 1959<br \/>pr\u00eatre le 7 mars 1965<br \/>d\u00e9c\u00e9d\u00e9 le 16 mars 1985<\/td>\n<td>\n<p>1965-1967 Haguenau, professeur<br \/>1967-1973 Saint-Pierre, charg\u00e9 des vocations<br \/>1973-1985 missionnaire en C\u00f4te d\u2019Ivoire<br \/>depuis 1983 sup\u00e9rieur r\u00e9gional<\/p>\n<p>d\u00e9c\u00e9d\u00e9 \u00e0 Bouak\u00e9, C\u00f4te-d&rsquo;Ivoire, le 16 mars 1985,<br \/>\u00e0 l&rsquo;\u00e2ge de 47 ans<\/p>\n<\/td>\n<\/tr>\n<\/tbody>\n<\/table>\n<p>Le p\u00e8re Jean GRETER (1938 &#8211; 1985)<\/p>\n<p>Jean Greter est n\u00e9 le 27 ao\u00fbt 1938, \u00e0 Saint-Morand, Altkirch. Il perdit sa m\u00e8re quelques mois apr\u00e8s sa naissance et fut \u00e9lev\u00e9 par une tante, s\u0153ur de son p\u00e8re, au petit village de Eglingen, non loin d\u2019Illfurth. C\u2019est l\u00e0 qu\u2019il passa son enfance. \u00c0 l\u2019\u00e2ge de 10 ans, au mois de septembre 1948, il entra \u00e0 l\u2019\u00e9cole apostolique de Saint-Pierre, o\u00f9 il acheva ses \u00e9tudes primaires et fit la classe de 6e. Il continua ses \u00e9tudes secondaires \u00e0 Haguenau et les termina par l\u2019ann\u00e9e de philosophie en 1956-1957. Apr\u00e8s une deuxi\u00e8me ann\u00e9e de philosophie au Zinswald, en 1957-1958, et une ann\u00e9e de noviciat \u00e0 Chanly, en 1958-1959, il fit le serment s.m.a. le 16 juillet 1959. Il entra ensuite au grand s\u00e9minaire de Saint-Pierre pour une premi\u00e8re ann\u00e9e de th\u00e9ologie, en 1959-1960. Appel\u00e9 au service militaire, il fut retenu \u00e0 l\u2019arm\u00e9e pendant plus de deux ans, en 1960-1962, \u00e0 Beni Messous et \u00e0 Batna en Alg\u00e9rie. Il revint au grand s\u00e9minaire en automne 1962 et fut ordonn\u00e9 pr\u00eatre par Mgr Strebler le 7 mars 1965, \u00e0 l\u2019\u00e9glise paroissiale de Saint-Pierre.<\/p>\n<p>La derni\u00e8re ann\u00e9e de th\u00e9ologie achev\u00e9e, il c\u00e9l\u00e9bra sa messe de pr\u00e9mices dans sa paroisse de Eglingen le 27 juin 1965. Ce fut une f\u00eate splendide dans le petit village, qui n\u2019avait pas vu depuis pr\u00e8s d\u2019un si\u00e8cle un de ses enfants monter \u00e0 l\u2019autel. Selon la coutume ancienne, on se r\u00e9unissait devant la maison familiale du nouveau pr\u00eatre. Une procession solennelle le conduisait jusqu\u2019\u00e0 l\u2019\u00e9glise, sur un v\u00e9ritable tapis de verdure et de fleurs. La chorale paroissiale faisait entendre ses plus beaux chants. Les fid\u00e8les de la paroisse et ceux qui \u00e9taient venus de tous les villages environnants entouraient de leurs pri\u00e8res le nouveau pr\u00eatre. Son p\u00e8re \u00e9tait mort depuis deux ans, mais la tante \u00e9tait l\u00e0, ainsi que le grand-p\u00e8re, \u00e2g\u00e9 de 87 ans. Souvenirs inoubliables !<\/p>\n<p>Apr\u00e8s cette solennit\u00e9 et quelques semaines de vacances, la vie active allait commencer. Le P\u00e8re fut d\u2019abord pendant deux ans, en 1965-1967, professeur \u00e0 l\u2019\u00e9cole Saint-Arbogast des Missions Africaines \u00e0 Haguenau. Puis, au mois de juin 1967, il fut nomm\u00e9 recruteur et propagandiste pour la moyenne et la haute Alsace. Pour lui permettre de se bien pr\u00e9parer aux obligations de cette charge, les sup\u00e9rieurs d\u00e9cid\u00e8rent qu\u2019il ferait un voyage en C\u00f4te d\u2019Ivoire et au Togo, afin de prendre connaissance de la vie et de l\u2019activit\u00e9 missionnaires dans les contr\u00e9es africaines. Ce voyage lui apprendrait bien des choses qui lui seraient utiles pour exercer le minist\u00e8re qu\u2019on lui proposait maintenant en Europe. Il partit donc, en compagnie du P\u00e8re Eschlimann, le 20 juin 1967.<\/p>\n<p>En C\u00f4te d\u2019Ivoire, il accompagna Mgr Durrheimer dans ses tourn\u00e9es \u00e9piscopales et il passa ainsi quelques jours dans la plupart des missions du dioc\u00e8se de Katiola. Au Togo, il s\u00e9journa chez le P\u00e8re R\u00e9gional, le P\u00e8re Francis Kuntz, qui construisait une vaste \u00e9glise paroissiale. Dans ce rapide voyage en Afrique, le P\u00e8re Jean Greter fut vivement impressionn\u00e9 par la vie des missionnaires, les conditions de l\u2019apostolat, la ferveur chr\u00e9tienne des paroisses. \u00c0 son retour, il se mit \u00e0 son travail d\u2019animateur missionnaire, r\u00e9sidant d\u2019abord \u00e0 la maison d\u2019accueil de Saint-Pierre, puis au Foyer Notre-Dame de la rue Th\u00e9nard \u00e0 Mulhouse.<\/p>\n<p>En 1973, le 17 janvier, le P\u00e8re Greter partit pour la C\u00f4te d\u2019Ivoire, heureux d\u2019aller travailler dans ce pays qu\u2019il n\u2019avait fait qu\u2019entrevoir pr\u00e9c\u00e9demment, mais qui avait laiss\u00e9 dans son c\u0153ur tant de souvenirs. Il fut affect\u00e9 d\u2019abord \u00e0 Sin\u00e9matiali, puis \u00e0 la mission Petit Paris de Korhogo. Avec g\u00e9n\u00e9rosit\u00e9 et de tout c\u0153ur, il se d\u00e9voua pendant dix ans au travail missionnaire, dans la peine comme dans la joie, trouvant en toute circonstance sa force dans la pri\u00e8re.<\/p>\n<p>Il aurait bien voulu rester au minist\u00e8re missionnaire de Korhogo, mais, le 2 septembre 1983, il lui fut demand\u00e9 d\u2019\u00eatre le Sup\u00e9rieur R\u00e9gional des confr\u00e8res dans la Haute C\u00f4te d\u2019Ivoire. Par ob\u00e9issance, il accepta et vint s\u00e9journer \u00e0 la maison d\u2019Offiakaha, qui est la maison r\u00e9gionale. Il prit sur lui les obligations de cette charge importante, tout entier au service de ses confr\u00e8res. Ceux-ci lui avaient donn\u00e9 leur confiance ; ils surent appr\u00e9cier son d\u00e9vouement. Sa cordialit\u00e9, son accueillante simplicit\u00e9 charmaient tous ceux qui allaient chez lui.<\/p>\n<p>Cela pourtant devait pr\u00e9matur\u00e9ment prendre fin. Un soir, le 5 mars 1985, une femme vint \u00e0 Offiakaha pour demander qu\u2019on conduise son enfant malade \u00e0 Katiola. Le P\u00e8re Greter accepta tout de suite, selon son habitude de rendre service volontiers chaque fois qu\u2019il le pouvait. Il partit donc vers Katiola. Mais arriv\u00e9 \u00e0 l\u2019entr\u00e9e de la ville, il eut un accident : sa voiture se renversa dans un foss\u00e9. Bless\u00e9, il fut soign\u00e9 d\u2019abord \u00e0 l\u2019h\u00f4pital de Katiola, puis \u00e0 celui de Bouak\u00e9. Il y fut soign\u00e9 pour une fracture au bras. Malheureusement on n\u2019avait pas diagnostiqu\u00e9 un \u00e9clatement de l\u2019estomac. Le samedi 16 mars, le mal \u00e9tant bien d\u00e9couvert, une op\u00e9ration d\u2019urgence fut faite. Mais il \u00e9tait trop tard. Le P\u00e8re mourut dans la matin\u00e9e.<\/p>\n<p>Les fun\u00e9railles eurent lieu \u00e0 la cath\u00e9drale de Katiola. Une foule de chr\u00e9tiens entourait les \u00e9v\u00eaques de Katiola, de Korhogo, de Bouak\u00e9 et le Cardinal Yago. Plus de 60 pr\u00eatres conc\u00e9l\u00e9braient. L\u2019inhumation se fit au cimeti\u00e8re de Katiola.<\/p>\n","protected":false},"excerpt":{"rendered":"<p>Soci\u00e9t\u00e9 des Missions Africaines \u2013Province de Strasbourg n\u00e9 le 27 ao\u00fbt 1938 \u00e0 Altkirchdans le dioc\u00e8se de Strasbourg, Francemembre de la SMA le 16 juillet 1959pr\u00eatre le 7 mars&#8230;<\/p>\n","protected":false},"author":1,"featured_media":1099,"comment_status":"open","ping_status":"open","sticky":false,"template":"","format":"standard","meta":{"footnotes":""},"categories":[3],"tags":[],"class_list":["post-1100","post","type-post","status-publish","format-standard","has-post-thumbnail","hentry","category-necrologe-sma"],"_links":{"self":[{"href":"https:\/\/www.defunts.smainternational.site\/index.php?rest_route=\/wp\/v2\/posts\/1100","targetHints":{"allow":["GET"]}}],"collection":[{"href":"https:\/\/www.defunts.smainternational.site\/index.php?rest_route=\/wp\/v2\/posts"}],"about":[{"href":"https:\/\/www.defunts.smainternational.site\/index.php?rest_route=\/wp\/v2\/types\/post"}],"author":[{"embeddable":true,"href":"https:\/\/www.defunts.smainternational.site\/index.php?rest_route=\/wp\/v2\/users\/1"}],"replies":[{"embeddable":true,"href":"https:\/\/www.defunts.smainternational.site\/index.php?rest_route=%2Fwp%2Fv2%2Fcomments&post=1100"}],"version-history":[{"count":0,"href":"https:\/\/www.defunts.smainternational.site\/index.php?rest_route=\/wp\/v2\/posts\/1100\/revisions"}],"wp:featuredmedia":[{"embeddable":true,"href":"https:\/\/www.defunts.smainternational.site\/index.php?rest_route=\/wp\/v2\/media\/1099"}],"wp:attachment":[{"href":"https:\/\/www.defunts.smainternational.site\/index.php?rest_route=%2Fwp%2Fv2%2Fmedia&parent=1100"}],"wp:term":[{"taxonomy":"category","embeddable":true,"href":"https:\/\/www.defunts.smainternational.site\/index.php?rest_route=%2Fwp%2Fv2%2Fcategories&post=1100"},{"taxonomy":"post_tag","embeddable":true,"href":"https:\/\/www.defunts.smainternational.site\/index.php?rest_route=%2Fwp%2Fv2%2Ftags&post=1100"}],"curies":[{"name":"wp","href":"https:\/\/api.w.org\/{rel}","templated":true}]}}