{"id":1142,"date":"2015-01-28T14:50:25","date_gmt":"2015-01-28T14:50:25","guid":{"rendered":"https:\/\/bkpdefunts.smainternational.info\/?p=1142"},"modified":"2015-01-28T14:50:25","modified_gmt":"2015-01-28T14:50:25","slug":"le-pere-anno-reekers","status":"publish","type":"post","link":"https:\/\/www.defunts.smainternational.site\/?p=1142","title":{"rendered":"Le P\u00e8re Anno REEKERS"},"content":{"rendered":"<p><strong>Soci\u00e9t\u00e9 des Missions Africaines \u2013Province de Hollande<\/strong><\/p>\n<table style=\"height: 17px; width: 1038px;\">\n<tbody>\n<tr>\n<td>n\u00e9 le 15 novembre 1899 \u00e0 Joure<br \/>dans le dioc\u00e8se de Groningen, Hollande<br \/>membre de la SMA le 29 juillet 1926<br \/>pr\u00eatre le 1er janvier 1930<br \/>d\u00e9c\u00e9d\u00e9 le 21 mars 1963<\/td>\n<td>\n<p>1930-1931 Cape Coast, Tarkwa, rentre malade<br \/>1931-1932 Nieuw Herlear, professeur<br \/>1932-1934 Blitterswijck, administration<br \/>1934-1935 Cadier en Keer, assistant \u00e0 la paroisse<br \/>1935-1938 Nieuw Herlear, professeur<br \/>1938-1940 Jodoigne (Belgique), aum\u00f4nier<br \/>1940-1946 Joure (en famille), aide \u00e0 la paroisse<br \/>1946-1948 Silvolde, aum\u00f4nier<br \/>1948-1951 Oosterbeek, \u00e9conome<br \/>1952-1958 Aalst, aum\u00f4nier de religieuses<br \/>1958-1963 Zeddam, aum\u00f4nier de religieuses<\/p>\n<p>d\u00e9c\u00e9d\u00e9 \u00e0 Zeddam, Hollande, le 21 mars 1963,<br \/>\u00e0 l&rsquo;\u00e2ge de 64 ans<\/p>\n<\/td>\n<\/tr>\n<\/tbody>\n<\/table>\n<p>P\u00e8re Anno REEKERS (1899 &#8211; 1963)<\/p>\n<p>Le 21 mars 1963, \u00e0 Zeddam (Hollande) retour \u00e0 Dieu du p\u00e8re Anno Reekers, \u00e0 l&rsquo;\u00e2ge de 64 ans.<\/p>\n<p>Anno Reekers naquit \u00e0 Joure, dans le dioc\u00e8se de Groningue (Hollande), en 1899. Il fit le serment en 1926, fut ordonn\u00e9 pr\u00eatre en 1930 et partit peu apr\u00e8s pour le vicariat de la C\u00f4te-de-l&rsquo;Or. Le p\u00e8re Reekers ne tarda pas \u00e0 reprendre le bateau. Il fut alors successivement professeur \u00e0 Nieuw-Herlaer et \u00e0 Blitterswijk, recteur \u00e0 Jodoigne en Belgique, \u00e9conome \u00e0 Oosterbeek; en 1952, il reprenait du minist\u00e8re comme recteur \u00e0 Aalst et il passait en la paroisse de Zeddam en 1958.<\/p>\n<p>D&rsquo;un temp\u00e9rament calme et ferm\u00e9, le p\u00e8re Reekers mettait en g\u00e9n\u00e9ral beaucoup de d\u00e9vouement dans ses charges.<\/p>\n<p>Pater Anno REEKERS (1899 &#8211; 1963)<\/p>\n<p>Afkomst.<\/p>\n<p>Anno Reekers, zoon van Popke Reekers (+ 6.08.1941) en Margare\u00actha de Vries (+ 7.2.1945), werd geboren op 15 novem\u00acber 1899 te Joure, waar zijn ouders een meubelfabriekje hadden. Anno had, bij mijn weten, zeker 4 broers en 2 zussen. Van 1906 tot<br \/>1912 doorliep hij in zijn geboorteplaats Joure de lagere school.<\/p>\n<p>Opleiding.<\/p>\n<p>Wat Anno na de lagere school gedaan heeft, is me niet be\u00ackend. Hij heeft, naar ik aanneem, na het lager onderwijs, nog een andere opleiding gevolgd, omdat hij in het kleinseminarie te Cadier en Keer, waar hij in april 1920 naar toe ging, reeds in 1924 z&rsquo;n middelbare opleiding vol\u00actooide. Daarv\u00f3\u00f3r was hij van juni 1919 tot januari 1920 bij de allerlaatste lich\u00acting rekru-ten, die vanwege de oorlog te Leeuwarden als mili\u00actair werden opgeleid.<\/p>\n<p>Van 1924 tot 1926 deed Anno zijn philosophie en noviciaat te Chanly en werd door eedaflegging op 29 juli 1926 lid van de Soci\u00ebteit. Daarna studeerde hij drie jaar theologie te Bemelen en vertrok toen naar Hastings in Engeland voor het laatste jaar theolo\u00acgie. Anno behoorde tot de eerste groep, die in Hastings op 1 janua\u00acri 1930 door Mgr. Amigo priester gewijd werd.<\/p>\n<p>Missionaris.<\/p>\n<p>Op 15 oktober 1930 vertrok pater Anno Reekers vanuit Marseil\u00acle, op weg naar Afrika. Na aankomst in de Goudkust (Ghana), verbleef hij een paar maanden te Cape Coast om te acclimatise\u00acren. Op 12 januari 1931 vertrok hij naar Tarkwa, waarvoor hij benoemd was als assis\u00actent bij de Elzasser pater A. Baumann. Le P\u00e8re N. Douau schreef:<br \/> \u00ab\u00a0Le P\u00e8re Reekers ne tarda pas de reprendre le bateau\u00a0\u00bb.<br \/>Inderdaad was hij binnen de kortst mogelijke tijd, zonder aanwijsbare redenen, weer vertrokken, met (dezelfde?) boot terug naar Europa. Mgr. Hauger was hierover zeer ontstemd en toen, anderhalf jaar later, te Cape Coast een van de jonge priesters aan tafel met de bisschop, onbescheiden en ongepast, informeerde naar de reden van pater Reekers&rsquo; ver\u00actrek, kreeg de bisschop zelfs toen nog een aanval van woede en kwaadheid. In dit geval was Mgr. Hauger zeker niet de oorzaak van deze plotse\u00aclinge beslissing en onconventi\u00aconele manier van haastig vertrek van deze missionaris.<\/p>\n<p>Wat was de oorzaak? Was het een oncontroleerbare vorm van heimwee of een overdreven vorm van familiebinding of een neurotische angst voor het onbekende? Was het samenwerkings\u00acver\u00acband met blank of zwart, communiteitsleven, negrophobie of had het nog een andere oorzaak? Mogelijk was het een combi\u00acnatie van factoren, of\u00acschoon toentertijd dikwijls gezegd werd dat heimwee de oorzaak was van zijn plotseling vertrek, zo kort na zijn aankomst. We zullen soort\u00acgelijke trends van handelen, met misschien minder extreme gevolgen, meerdere keren waarnemen in het rustige, teruggetrokken leven van deze eenvoudige en vrome priester, die evenwel een stille en geslo\u00acten persoon was.<\/p>\n<p>Terug in Nederland werd pater Reekers benoemd tot leraar op het kleinseminarie &lsquo;Nieuw Herlaer&rsquo; te St. Michielsgestel. Na een jaar ging hij naar Blitterswijck, werkzaam in de admini\u00acstratie en redactie van de tijdschriften. In 1934 vertrok hij naar Cadier en Keer en heeft daar een jaar geassisteerd in de parochie. Van 1935 tot 1938 was hij weer leraar in \u00ab\u00a0Nieuw-Herlaer\u00a0\u00bb, waar hij wiskunde gaf. Hij voelde zich echter hele\u00acmaal niet thuis in de communiteiten, kon zich moeilijk in de gemeenschap mengen, en leed aan vrese\u00aclijke hoofdpijnen.<\/p>\n<p>Na herhaald verzoek kreeg hij van de pro\u00acvinciaal toestemming om een rectoraatje bij zusters te zoeken. Dit viel niet mee in die tijd met een overvloed aan priesters en nauwelijks adequa\u00acte sociale voorzieningen en pensioenregelingen voor de oudedag van de priesters! Bijna was hij rond met de Zus\u00acters van het St. Elisa\u00acbeth-gesticht te Doesburg, doch kreeg geen toestem\u00acming van de aartsbisschop van Utrecht, die dit rectoraatje voor eigen ziekelijke en oudere priesters wilde behouden. Uiteindelijk vond pater Reekers in Belgi\u00eb, in het aartsbisdom Mechelen, in november 1938, een plaats als rector in een pensio\u00acnaat van de zusters van de Voorzienigheid te Jodoig\u00acne.<\/p>\n<p>In juni 1940 ging hij op vakantie bij zijn ouders te Joure. Wegens beperkende maatregelen vanwege de oorlog kon hij moei\u00aclijk terug naar Belgi\u00eb. De zusters daar hadden spoedig andere voorzieningen getroffen, zodat zijn terugkeer niet meer nodig was. De hele oorlog lang, tot juli 1946, is hij thuis in Joure bij zijn ouders geweest, die beide tijdens deze oorlogs\u00acjaren gestor\u00acven zijn. Gedurende deze jaren hielp Anno tevens mee in de parochie. De mensen zagen hem graag voorgaan in de dienst want hij kon prachtig zingen en ze hielden van zijn preken. Na de dood van pater H\u00f6ppner te Sluis in maart 1944, probeerde provinciaal ten Have Anno Reekers nog ge\u00efnteres\u00acseerd te krij\u00acgen om dit rectoraat bij de broeders over te nemen. Doch met een beroep op de tijdsomstandigheid en zijn oude ziekeli\u00acjke moeder meende pater Reekers niet naar het verre uiteinde van Neder\u00acland te kunnen gaan.<\/p>\n<p>In juli 1946 wist de provinciaal een rectoraat voor hem te vinden in een pensionaat in zijn eigen geboorte\u00acplaats Silvol\u00acde. Dit was geen gemakkelijke functie. De twee vorige rectoren waren daar beide met onenigheid vroegtijdig vertrokken. Pater Reekers nam het aan, doch na een paar jaar vroeg ook hij aan zijn provinci\u00acaal om een andere plaats. Na ope\u00acning van Huize Tafel\u00acberg te Ooster\u00acbeek werd hij daar in april 1948 benoemd als provisor of huiseco-noom. Ook hier leidde hij een eenzelvig leven, min of meer afzijdig van de communiteit.<\/p>\n<p>In september 1952 ging hij naar Aalst bij Eindhoven als rector van zusters. In 1958 vroeg hij aan de nieuwgekozen provinci\u00acaal om een verandering en een benoeming voor het hem toegezegde rectoraat bij de zus\u00acters te Zeddam. Dit was tevens zijn laat\u00acste plaats.<\/p>\n<p>Overleden.<\/p>\n<p>Te Zeddam, bij de zusters Augustinessen, die daar een pension verzorgden voor bejaarde dames en heren, is hij op 21 maart 1963 dood aangetroffen. Hij werd 63 jaar.<\/p>\n<p>Pater Anno Reekers, die zijn hele leven lang sterk verbonden is gebleven met zijn familie, is ook bij hen in zijn geboorte\u00acplaats Joure begraven op maandag 25 maart 1963.<\/p>\n<p>Bronnen:<br \/>&#8211; Archief Nederl. Provincie S.M.A., Cadier en Keer.<br \/>&#8211; N. Douau: Biographies Missions Africaines 21.03.1963<br \/>&#8211; J. v.d. Kooij in &lsquo;Afrika Ontwaakt&rsquo; 1963, pg. 47.<br \/>&#8211; J. ter Linden in &lsquo;Onze Krant&rsquo;, juli 1963.<\/p>\n<table>\n<tbody>\n<tr>\n<td>&nbsp;<\/td>\n<td>&nbsp;<\/td>\n<\/tr>\n<\/tbody>\n<\/table>\n","protected":false},"excerpt":{"rendered":"<p>Soci\u00e9t\u00e9 des Missions Africaines \u2013Province de Hollande n\u00e9 le 15 novembre 1899 \u00e0 Jouredans le dioc\u00e8se de Groningen, Hollandemembre de la SMA le 29 juillet 1926pr\u00eatre le 1er janvier&#8230;<\/p>\n","protected":false},"author":1,"featured_media":0,"comment_status":"open","ping_status":"open","sticky":false,"template":"","format":"standard","meta":{"footnotes":""},"categories":[3],"tags":[],"class_list":["post-1142","post","type-post","status-publish","format-standard","hentry","category-necrologe-sma"],"_links":{"self":[{"href":"https:\/\/www.defunts.smainternational.site\/index.php?rest_route=\/wp\/v2\/posts\/1142","targetHints":{"allow":["GET"]}}],"collection":[{"href":"https:\/\/www.defunts.smainternational.site\/index.php?rest_route=\/wp\/v2\/posts"}],"about":[{"href":"https:\/\/www.defunts.smainternational.site\/index.php?rest_route=\/wp\/v2\/types\/post"}],"author":[{"embeddable":true,"href":"https:\/\/www.defunts.smainternational.site\/index.php?rest_route=\/wp\/v2\/users\/1"}],"replies":[{"embeddable":true,"href":"https:\/\/www.defunts.smainternational.site\/index.php?rest_route=%2Fwp%2Fv2%2Fcomments&post=1142"}],"version-history":[{"count":0,"href":"https:\/\/www.defunts.smainternational.site\/index.php?rest_route=\/wp\/v2\/posts\/1142\/revisions"}],"wp:attachment":[{"href":"https:\/\/www.defunts.smainternational.site\/index.php?rest_route=%2Fwp%2Fv2%2Fmedia&parent=1142"}],"wp:term":[{"taxonomy":"category","embeddable":true,"href":"https:\/\/www.defunts.smainternational.site\/index.php?rest_route=%2Fwp%2Fv2%2Fcategories&post=1142"},{"taxonomy":"post_tag","embeddable":true,"href":"https:\/\/www.defunts.smainternational.site\/index.php?rest_route=%2Fwp%2Fv2%2Ftags&post=1142"}],"curies":[{"name":"wp","href":"https:\/\/api.w.org\/{rel}","templated":true}]}}