{"id":1300,"date":"2015-03-04T19:28:59","date_gmt":"2015-03-04T19:28:59","guid":{"rendered":"https:\/\/bkpdefunts.smainternational.info\/?p=1300"},"modified":"2015-03-04T19:28:59","modified_gmt":"2015-03-04T19:28:59","slug":"le-pere-pie-seiler","status":"publish","type":"post","link":"https:\/\/www.defunts.smainternational.site\/?p=1300","title":{"rendered":"Le P\u00e8re Pie SEILER"},"content":{"rendered":"<p><strong>Soci\u00e9t\u00e9 des Missions Africaines \u2013Province de Strasbourg<\/strong> <\/p>\n<table style=\"height: 17px; width: 1036px;\">\n<tbody>\n<tr>\n<td><img loading=\"lazy\" decoding=\"async\" class=\" size-full wp-image-1299\" src=\"https:\/\/www.defunts.smainternational.site\/wp-content\/uploads\/2015\/03\/SEILER_Pie.jpg\" alt=\"SEILER Pie\" width=\"113\" height=\"141\" \/><\/td>\n<td>n\u00e9 le 9 juin 1918 \u00e0 Nousseviller-les-Puttelange<br \/>dans le dioc\u00e8se de Metz, France<br \/>membre de la SMA le 30 septembre 1938<br \/>pr\u00eatre le 28 f\u00e9vrier 1943<br \/>d\u00e9c\u00e9d\u00e9 le 4 avril 1992<\/td>\n<td>\n<p>1943-1944 vicaire \u00e0 Dieuze, Moselle<br \/>1945-1947 Saint-Pierre, professeur<br \/>1947-1949 missionnaire en C\u00f4te d\u2019Ivoire, Korhogo<br \/>1949-1956 Saint-Pierre<br \/>1956-1959 Haguenau, sup\u00e9rieur en 1958<br \/>1959-1965 Zinzwald, sup\u00e9rieur<br \/>1965-1979 Haguenau, directeur spirituel et professeur<br \/>1979-1991 Schorbach, cur\u00e9<br \/>1991-1992 Sarreguemines, retir\u00e9<\/p>\n<p>d\u00e9c\u00e9d\u00e9 \u00e0 Sarreguemines, France, le 4 avril 1992,<br \/>\u00e0 l&rsquo;\u00e2ge de 73 ans<\/p>\n<\/td>\n<\/tr>\n<\/tbody>\n<\/table>\n<p><\/p>\n<p>&nbsp;<\/p>\n<p>&nbsp;<\/p>\n","protected":false},"excerpt":{"rendered":"<p>Soci\u00e9t\u00e9 des Missions Africaines \u2013Province de Strasbourg n\u00e9 le 9 juin 1918 \u00e0 Nousseviller-les-Puttelangedans le dioc\u00e8se de Metz, Francemembre de la SMA le 30 septembre 1938pr\u00eatre le 28 f\u00e9vrier&#8230;<\/p>\n","protected":false},"author":1,"featured_media":1299,"comment_status":"open","ping_status":"open","sticky":false,"template":"","format":"standard","meta":{"footnotes":""},"categories":[3],"tags":[],"class_list":["post-1300","post","type-post","status-publish","format-standard","has-post-thumbnail","hentry","category-necrologe-sma"],"_links":{"self":[{"href":"https:\/\/www.defunts.smainternational.site\/index.php?rest_route=\/wp\/v2\/posts\/1300","targetHints":{"allow":["GET"]}}],"collection":[{"href":"https:\/\/www.defunts.smainternational.site\/index.php?rest_route=\/wp\/v2\/posts"}],"about":[{"href":"https:\/\/www.defunts.smainternational.site\/index.php?rest_route=\/wp\/v2\/types\/post"}],"author":[{"embeddable":true,"href":"https:\/\/www.defunts.smainternational.site\/index.php?rest_route=\/wp\/v2\/users\/1"}],"replies":[{"embeddable":true,"href":"https:\/\/www.defunts.smainternational.site\/index.php?rest_route=%2Fwp%2Fv2%2Fcomments&post=1300"}],"version-history":[{"count":0,"href":"https:\/\/www.defunts.smainternational.site\/index.php?rest_route=\/wp\/v2\/posts\/1300\/revisions"}],"wp:featuredmedia":[{"embeddable":true,"href":"https:\/\/www.defunts.smainternational.site\/index.php?rest_route=\/wp\/v2\/media\/1299"}],"wp:attachment":[{"href":"https:\/\/www.defunts.smainternational.site\/index.php?rest_route=%2Fwp%2Fv2%2Fmedia&parent=1300"}],"wp:term":[{"taxonomy":"category","embeddable":true,"href":"https:\/\/www.defunts.smainternational.site\/index.php?rest_route=%2Fwp%2Fv2%2Fcategories&post=1300"},{"taxonomy":"post_tag","embeddable":true,"href":"https:\/\/www.defunts.smainternational.site\/index.php?rest_route=%2Fwp%2Fv2%2Ftags&post=1300"}],"curies":[{"name":"wp","href":"https:\/\/api.w.org\/{rel}","templated":true}]}}