{"id":1313,"date":"2015-03-05T08:15:37","date_gmt":"2015-03-05T08:15:37","guid":{"rendered":"https:\/\/bkpdefunts.smainternational.info\/?p=1313"},"modified":"2015-03-05T08:15:37","modified_gmt":"2015-03-05T08:15:37","slug":"le-pere-jean-marie-jacquet","status":"publish","type":"post","link":"https:\/\/www.defunts.smainternational.site\/?p=1313","title":{"rendered":"Le P\u00e8re Jean-Marie JACQUET"},"content":{"rendered":"<p><strong>Soci\u00e9t\u00e9 des Missions Africaines<\/strong> <\/p>\n<table style=\"height: 17px; width: 1044px;\">\n<tbody>\n<tr>\n<td>n\u00e9 en 1859 \u00e0 Alli\u00e8res<br \/>dans le dioc\u00e8se de Lyon, France<br \/>membre de la SMA le 5 d\u00e9cembre 1881<br \/>pr\u00eatre en juillet 1884<br \/>d\u00e9c\u00e9d\u00e9 le 6 avril 1888<\/td>\n<td>\n<p>1884-1885 en famille<br \/>1885-1888 missionnaire au Dahomey<\/p>\n<p>d\u00e9c\u00e9d\u00e9 \u00e0 Agou\u00e9, Dahomey, le 6 avril 1888,<br \/>\u00e0 l\u2019\u00e2ge de 29 ans<\/p>\n<\/td>\n<td>&nbsp;<\/td>\n<\/tr>\n<\/tbody>\n<\/table>\n<p>Le p\u00e8re Jean-Marie JACQUET (1859 &#8211; 1888)<\/p>\n<p>Le 6 avril 1888, \u00e0 Agou\u00e9 (Dahomey), retour \u00e0 Dieu du p\u00e8re Jean-Marie Jacquet, \u00e0 l&rsquo;\u00e2ge de 29 ans.<\/p>\n<p>Jean-Marie Jacquet, ou Jacquier, naquit \u00e0 Alli\u00e8res (Rh\u00f4ne), dans le dioc\u00e8se de Lyon, en 1859. Il commen\u00e7a ses \u00e9tudes dans son dioc\u00e8se et entra aux Missions Africaines en 1880. Ordonn\u00e9 pr\u00eatre en 1884, il avait fait le serment en d\u00e9cembre 1881. Madame Jacquet, veuve, se trouvant fort malade, le p\u00e8re Planque, que quelques-uns ont accus\u00e9 de manquer de c\u0153ur, permit au jeune pr\u00eatre d&rsquo;aller passer l&rsquo;hiver pr\u00e8s de sa m\u00e8re. Celui-ci, prolongeant son s\u00e9jour apr\u00e8s la fin de la maladie, le p\u00e8re Planque fut alors inflexible et le 5 novembre 1885, le p\u00e8re Jacquet prenait la route de la pr\u00e9fecture du Dahomey. Il travailla \u00e0 Agou\u00e9, mena une vie bien r\u00e9gl\u00e9e. Il mourut victime de son d\u00e9vouement: une nuit, un incendie se d\u00e9clara dans un quartier d&rsquo;Agou\u00e9; le p\u00e8re Jacquet s&rsquo;y donna beaucoup, fut pris de la fi\u00e8vre et mourut six heures plus tard.<\/p>\n","protected":false},"excerpt":{"rendered":"<p>Soci\u00e9t\u00e9 des Missions Africaines n\u00e9 en 1859 \u00e0 Alli\u00e8resdans le dioc\u00e8se de Lyon, Francemembre de la SMA le 5 d\u00e9cembre 1881pr\u00eatre en juillet 1884d\u00e9c\u00e9d\u00e9 le 6 avril 1888 1884-1885&#8230;<\/p>\n","protected":false},"author":1,"featured_media":0,"comment_status":"open","ping_status":"open","sticky":false,"template":"","format":"standard","meta":{"footnotes":""},"categories":[3],"tags":[],"class_list":["post-1313","post","type-post","status-publish","format-standard","hentry","category-necrologe-sma"],"_links":{"self":[{"href":"https:\/\/www.defunts.smainternational.site\/index.php?rest_route=\/wp\/v2\/posts\/1313","targetHints":{"allow":["GET"]}}],"collection":[{"href":"https:\/\/www.defunts.smainternational.site\/index.php?rest_route=\/wp\/v2\/posts"}],"about":[{"href":"https:\/\/www.defunts.smainternational.site\/index.php?rest_route=\/wp\/v2\/types\/post"}],"author":[{"embeddable":true,"href":"https:\/\/www.defunts.smainternational.site\/index.php?rest_route=\/wp\/v2\/users\/1"}],"replies":[{"embeddable":true,"href":"https:\/\/www.defunts.smainternational.site\/index.php?rest_route=%2Fwp%2Fv2%2Fcomments&post=1313"}],"version-history":[{"count":0,"href":"https:\/\/www.defunts.smainternational.site\/index.php?rest_route=\/wp\/v2\/posts\/1313\/revisions"}],"wp:attachment":[{"href":"https:\/\/www.defunts.smainternational.site\/index.php?rest_route=%2Fwp%2Fv2%2Fmedia&parent=1313"}],"wp:term":[{"taxonomy":"category","embeddable":true,"href":"https:\/\/www.defunts.smainternational.site\/index.php?rest_route=%2Fwp%2Fv2%2Fcategories&post=1313"},{"taxonomy":"post_tag","embeddable":true,"href":"https:\/\/www.defunts.smainternational.site\/index.php?rest_route=%2Fwp%2Fv2%2Ftags&post=1313"}],"curies":[{"name":"wp","href":"https:\/\/api.w.org\/{rel}","templated":true}]}}