{"id":1432,"date":"2015-03-09T18:32:31","date_gmt":"2015-03-09T18:32:31","guid":{"rendered":"https:\/\/bkpdefunts.smainternational.info\/?p=1432"},"modified":"2015-03-09T18:32:31","modified_gmt":"2015-03-09T18:32:31","slug":"le-frere-gerard-van-de-pasch","status":"publish","type":"post","link":"https:\/\/www.defunts.smainternational.site\/?p=1432","title":{"rendered":"Le Fr\u00e8re Gerard van de PASCH"},"content":{"rendered":"<p><strong>Soci\u00e9t\u00e9 des Missions Africaines \u2013Province de Hollande<\/strong><\/p>\n<table style=\"height: 17px; width: 1039px;\">\n<tbody>\n<tr>\n<td><img loading=\"lazy\" decoding=\"async\" class=\" size-full wp-image-1431\" src=\"https:\/\/www.defunts.smainternational.site\/wp-content\/uploads\/2015\/03\/PASCH_Gerard_van_de.jpg\" alt=\"PASCH Gerard van de\" width=\"113\" height=\"141\" \/><\/td>\n<td>n\u00e9 le 26 f\u00e9vrier 1920 \u00e0 Uttecht<br \/>dans le dioc\u00e8se d&rsquo;Utrecht, Hollande<br \/>membre de la SMA le 15 juillet 1946<br \/>serment perp\u00e9tuel le15 juillet 1953&nbsp;<br \/>d\u00e9c\u00e9d\u00e9 le 15 avril 1980<\/td>\n<td>\n<p>1947-1948 Bemelen, imprimerie, cuisinier<br \/>1948-1960 peinture des maisons sma : Cadier en Keer,<br \/>Aalbeek, Londres, Oosterbeek<br \/>1960-1966 Oosterbeek, propagandiste<br \/>1966-1968 Hohoe (Ghana), constructions<br \/>1968-1971 Cadier en Keer, aide \u00e9conome<br \/>1971-1976 Winneba, construction, puis h\u00f4telier<br \/>1977-1980 Heerlen, centre missionnaire<br \/>il meurt subitement<\/p>\n<p>d\u00e9c\u00e9d\u00e9 \u00e0 Heerlen, Hollande, le 15 avril 1980,<br \/>\u00e0 l&rsquo;\u00e2ge de 60 ans<\/p>\n<\/td>\n<\/tr>\n<\/tbody>\n<\/table>\n<p>Pater Gerard van de PASCH (1920 &#8211; 1980)<\/p>\n<p>Geboren.<\/p>\n<p>Gerardus Antonius Theodorus van de Pasch, zoon van Christiaan van de Pasch en Antonia Johanna Neerings, werd, als jongste kind van dit gezin, geboren te Utrecht op 26 februari 1920 en daags erna gedoopt in de paro\u00acchiekerk van de H. Martinus. Vader van de Pasch was (kunst)smid. Na overlijden van zijn vrouw, en moeder van Gerard, in maart 1932, hertrouwde hij later met Elisabeth Swagers. Zij zijn toen in Doorn gaan wonen.<\/p>\n<p>Opleiding.<\/p>\n<p>Na de lagere school en 1 jaar MULO werd Gerard, in januari 1935, als leerling-bakker aangenomen bij een broodbakkerij te Utrec\u00acht. Later heeft hij ook gewerkt in banketbakkerijen te Utrecht en Harmelen. In december 1938 ging hij als postulant naar de broeders Maristen te Glanerbrug. Daar begon hij, in mei 1939, zijn noviciaat en zette dit voort te Ahmzen in Duits\u00acland. Doch in augustus 1939 verliet hij Duitsland en het klooster en trad in dienst als controleur bij gloei\u00aclampenfa\u00acbriek &lsquo;Hollan\u00acdia&rsquo; te Utrecht. Begin 1940 werd hij opgeroepen voor zijn militaire dienst\u00acplicht en moest zich op 5 februari voor de eerste oefening melden te Alkmaar. Doch spoedig hierna raakte ook Nederland direct betrokken bij de wereldoorlog: het land werd, in een paar dagen tijd, bezet door de duitsers. Na de capitulatie werd, op 29 juni 1940, aan Gerard van de Pasch groot verlof verleend. Hij trad opnieuw in dienst bij de vermelde gloei\u00aclampen\u00acfabriek en volgde vanuit Doorn, waar hij nu woonde, een sch\u00acrif\u00actelijke cursus boekhouden voor de prak\u00actijk bij A.S.S.O. (Arnhemse School voor Schriftelijk Onder\u00acwijs). Hij nam ontslag in september 1943 en trad op 5 januari 1944 als broeder-postu\u00aclant in bij de Afrikaanse Missi\u00ebn te Aalbeek. Hier maakte hij zijn twee-jarig noviciaat onder leiding van pater A. Roelofs en werd op 15 juli 1946 door eedaf\u00aclegging lid van de Soci\u00acteit.<\/p>\n<p>Missionaris.<\/p>\n<p>In 1947 werd broeder Gerard van de Pasch benoemd voor het missiehuis te Bemelen waar hij kok werd en assisteerde in de drukkerij. Bemelen was echter een aflopende zaak. De drukkerij werd gesloten en alle activi\u00acteiten werden in 1948 overge\u00acplaatst naar het nieuw aangekochte huis &lsquo;de Tafelberg&rsquo; te Oosterbeek. Gerard werd toen schilder. In 1950 verhuisde hij naar Oosterbeek en is, tot 1960, roulerend schilderend bezig geweest, samen met broeder Huub Verreussel, te Cadier en Keer, Aalbeek, Londen en Oosterbeek. Bij de brand van het missiehuis te Keer op 15 maart 1954, woonde hij met Huub Verreussel in het poortgebouw van de wijnkelder. Na de huur van Lilbosch zijn Jan Coolen, Kees Ligtvoet, Leo Op &lsquo;t Hoog, Klaas Rubie, Huub Verreussel en Gerard van de Pasch daarheen gestuurd om alles voor te bereiden. Gerard van de Pasch was tevens de kok welke functie hij tot ieders grote tevredenheid vervulde.<\/p>\n<p>In 1948 hernieuwde hij zijn eed. Er waren, volgens sommigen, wat bedenkingen bij zijn karakter: wispelturig, vrijpostig en opvliegend, bemoeizuchtig en ach\u00acterdochtig en zich steeds ten achter gesteld voelend bij, en dikwijls ook door, de paters, die zich dan beriepen op de verhevenheid van het priesterschap (doch er, helaas, niet altijd naar handelden). Doch zijn positieve eigenschappen, zijn bereidheid en oprechte wil, en zijn vaardigheden leidden, tenslotte, tot een positieve beoor\u00acdeling en in 1953 werd hij blijvend lid van de Soci\u00ebteit door het afleggen van de eeuwige eed. <br \/>In december 1960 kreeg hij, na overleg, totaal ander werk. Hij werd benoemd voor propagandist en ging rond bij mensen, die een missiebusje hadden, om hun jaarlijkse missie\u00acbijdrage in ontvangst te nemen. Ruim vijf jaar lang heeft hij dat gedaan.<\/p>\n<p>Begin 1966 ontving hij zijn benoeming voor de missie. Hij vertrok in april 1966 naar Ghana, naar het bisdom Keta-Ho. Vanuit Hohoe assisteerde hij Piet de Vries bij zijn bouwacti-viteiten. Hij had een moeilijke beginperiode. Hij raakte betrokken bij een auto-ongeluk, kreeg malaria, had aanpas\u00acsingsmoeilijk\u00acheden en de samenwerking liet te wensen over: hij raakte zijn houvast kwijt. In het begin was het vooral schil\u00acderwerk. Lovend commentaar over zijn schilderen van de St. Franciskapel van Hohoe deed hem goed, doch de bedoeling, dat hij in de toekomst zelf\u00acstan\u00acdig bouwprojec\u00acten zou begeleiden en supervi\u00acseren, schrok hem af. Dit leek voor Gerard te hoog gegrepen. Hij schrok terug voor deze verantwoordelijk\u00acheid. Hij correspondeerde hierover met provinciaal Florack, deed nog karweitjes voor de missie te Kpandu en St. Paul&rsquo;s college te Denu. Uiteindelijk is hij op 27 februari 1968 vertrok\u00acken, terug naar Nederland.<\/p>\n<p>Hier werd hij benoemd voor het missiehuis te Cadier en Keer om overste Ben Gootzen, die tevens econoom van het huis was, te assisteren. Dit heeft hij een paar jaar gedaan. Op eigen verzoek werd, na overleg, broeder van de Pasch op\u00acnieuw voor Ghana benoemd, doch in Soci\u00ebteits\u00acverband. In okto\u00acber 1971 vertrok hij naar Winneba, waar regio\u00acnaal Harrie van Hoof een nieuw gasten\u00acver\u00acblijf ging bouwen. Gerard zou hem hierbij assisteren. Na voltooiing van de bouw kreeg hij de dagelijkse leiding van deze nieuwbouw met de titel &lsquo;manager of the guest\u00achouse&rsquo;. Opvang van de gas\u00acten, supervisie over onder\u00achoud en keuken, inkoop van levens\u00acmiddelen en de hierbij horen\u00acde finan\u00acci\u00eble administratie, werden zijn werk\u00aczaamheden.<\/p>\n<p>Op 8 mei 1976 kwam Gerard definitief terug naar Nederland. Na vakantie ging hij eerst naar huize Tafelberg te Oosterbeek.<br \/>Vanaf 15.01.1977 werkte en woonde hij in Heerlen in het Missi\u00aconair Centrum, dat gevestigd was in een groot gebouw aan de Gasthuisstraat, toebehorend aan de zusters Franciscanessen. Officieel kreeg hij een dienstverleningscontract als onder\u00achoudsmonteur. In feite was hij de permanente vaste bewoner, die inderdaad verantwoordelijk was voor het toezicht op het gebouw, doch ook de staf assisteerde met allerlei taken en klusjes. Gerard deed dat met toewijding. Hij was zich bewust van zijn sleutelpositie en zijn sleutels, in letter-lijke zin. Hij scheen &lsquo;bezeten&rsquo; door sleutels, ook in Ghana en daarv\u00f3\u00f3r al, in niet geringe mate, in Keer. In Heerlen namen ze in zijn leven ook een steeds belang\u00acrijker plaats in.<\/p>\n<p>In korte tijd had Gerard een geheel eigen positie verwor\u00acven in het Missionair Centrum, die doolhof van activiteiten, van komende en gaande mensen en &#8230;. van kinde\u00acren. Want Gerard was een kindervriend en de kinderen hielden van hem.<\/p>\n<p>Gestorven.<\/p>\n<p>Plotseling kwam zijn einde. Hij was bezig in de stencilkamer op 15 april 1980. Plotseling zakte hij in elkaar &#8230; en was overleden. Hij werd 60 jaar.<br \/>Onder enorme belangstelling is hij op zaterdag 19 april 1980 te Cadier en Keer begraven. Pater Harrie Hoeben, oud-direc\u00acteur van het Missionair Centrum, ging voor in de concele-bratie in de kapel van het missiehuis, geassisteerd door leden van het SMA-provinciaal be-stuur en stafleden van het Missio\u00acnair Cen\u00actrum.<\/p>\n<p>Toen het Missionair Centrum zijn activiteiten voor vluchtelin\u00acgen en asielzoekers in een stichting wilde onderbrengen, heeft het deze, in dankbare herinnering, de \u00ab\u00a0Gerrit Pasch stichting\u00a0\u00bb genoemd, naar deze bezielde werker, die hier zijn plaats gevon\u00acden scheen te hebben en op geheel eigen wijze een plaats innam in het Cen\u00actrum tussen stafleden, medewerkers, vrijwilli\u00acgers en bezoe\u00ackers.<\/p>\n<p>Bronnen:<br \/>&#8211; Archief Nederl. Provincie S.M.A., Cadier en Keer.<br \/>&#8211; &lsquo;Onze Krant&rsquo; nr. 44, juni 1980.<br \/>&#8211; Meindert Muller in &lsquo;Missie in Aktie&rsquo; 1997\/4.<\/p>\n","protected":false},"excerpt":{"rendered":"<p>Soci\u00e9t\u00e9 des Missions Africaines \u2013Province de Hollande n\u00e9 le 26 f\u00e9vrier 1920 \u00e0 Uttechtdans le dioc\u00e8se d&rsquo;Utrecht, Hollandemembre de la SMA le 15 juillet 1946serment perp\u00e9tuel le15 juillet 1953&nbsp;d\u00e9c\u00e9d\u00e9&#8230;<\/p>\n","protected":false},"author":1,"featured_media":1431,"comment_status":"open","ping_status":"open","sticky":false,"template":"","format":"standard","meta":{"footnotes":""},"categories":[3],"tags":[],"class_list":["post-1432","post","type-post","status-publish","format-standard","has-post-thumbnail","hentry","category-necrologe-sma"],"_links":{"self":[{"href":"https:\/\/www.defunts.smainternational.site\/index.php?rest_route=\/wp\/v2\/posts\/1432","targetHints":{"allow":["GET"]}}],"collection":[{"href":"https:\/\/www.defunts.smainternational.site\/index.php?rest_route=\/wp\/v2\/posts"}],"about":[{"href":"https:\/\/www.defunts.smainternational.site\/index.php?rest_route=\/wp\/v2\/types\/post"}],"author":[{"embeddable":true,"href":"https:\/\/www.defunts.smainternational.site\/index.php?rest_route=\/wp\/v2\/users\/1"}],"replies":[{"embeddable":true,"href":"https:\/\/www.defunts.smainternational.site\/index.php?rest_route=%2Fwp%2Fv2%2Fcomments&post=1432"}],"version-history":[{"count":0,"href":"https:\/\/www.defunts.smainternational.site\/index.php?rest_route=\/wp\/v2\/posts\/1432\/revisions"}],"wp:featuredmedia":[{"embeddable":true,"href":"https:\/\/www.defunts.smainternational.site\/index.php?rest_route=\/wp\/v2\/media\/1431"}],"wp:attachment":[{"href":"https:\/\/www.defunts.smainternational.site\/index.php?rest_route=%2Fwp%2Fv2%2Fmedia&parent=1432"}],"wp:term":[{"taxonomy":"category","embeddable":true,"href":"https:\/\/www.defunts.smainternational.site\/index.php?rest_route=%2Fwp%2Fv2%2Fcategories&post=1432"},{"taxonomy":"post_tag","embeddable":true,"href":"https:\/\/www.defunts.smainternational.site\/index.php?rest_route=%2Fwp%2Fv2%2Ftags&post=1432"}],"curies":[{"name":"wp","href":"https:\/\/api.w.org\/{rel}","templated":true}]}}