{"id":1434,"date":"2015-03-09T18:36:07","date_gmt":"2015-03-09T18:36:07","guid":{"rendered":"https:\/\/bkpdefunts.smainternational.info\/?p=1434"},"modified":"2015-03-09T18:36:07","modified_gmt":"2015-03-09T18:36:07","slug":"le-pere-konrad-walkowiak","status":"publish","type":"post","link":"https:\/\/www.defunts.smainternational.site\/?p=1434","title":{"rendered":"Le P\u00e8re Konrad WALKOWIAK"},"content":{"rendered":"<p><strong>Soci\u00e9t\u00e9 des Missions Africaines &#8211; Province de Strasbourg<\/strong> <\/p>\n<table style=\"height: 17px; width: 1032px;\">\n<tbody>\n<tr>\n<td><img loading=\"lazy\" decoding=\"async\" class=\" size-full wp-image-1433\" src=\"https:\/\/www.defunts.smainternational.site\/wp-content\/uploads\/2015\/03\/WALKOWIAK_Konrad.jpg\" alt=\"WALKOWIAK Konrad\" width=\"113\" height=\"141\" \/><\/td>\n<td>n\u00e9 le 1er janvier 1918 \u00e0 Grudna<br \/>dans le dioc\u00e8se de Poznan, Pologne<br \/>membre de la SMA le 24 juillet 1938<br \/>pr\u00eatre le 6 janvier 1943<br \/>d\u00e9c\u00e9d\u00e9 le 15 avril 1997<\/td>\n<td>\n<p>1945-1948 Aledjo (Sokod\u00e9), Togo<br \/>1950-1952 Bombouaka, puis Palim\u00e9 (Dapaong), Togo<br \/>1952-1956 Agadji (Atakpam\u00e9), Togo<br \/>1956-1960 Amoutiv\u00e9 (Lom\u00e9) et An\u00e9cho<br \/>1960-1969 Nuadja, Togo<br \/>1970-1974 Saint-Pierre, repos<br \/>Pologne, animation missionnaire<br \/>1975-1993 Strasbourg, procure<br \/>1993-1997 Saint-Pierre (Strasbourg), retir\u00e9<\/p>\n<p>d\u00e9c\u00e9d\u00e9 \u00e0 Saint-Pierre, France, le 15 avril 1997&nbsp;\u00e0 l\u2019\u00e2ge de 79 ans<\/p>\n<\/td>\n<\/tr>\n<\/tbody>\n<\/table>\n<p><\/p>\n<p>&nbsp;<\/p>\n<p>&nbsp;<\/p>\n","protected":false},"excerpt":{"rendered":"<p>Soci\u00e9t\u00e9 des Missions Africaines &#8211; Province de Strasbourg n\u00e9 le 1er janvier 1918 \u00e0 Grudnadans le dioc\u00e8se de Poznan, Polognemembre de la SMA le 24 juillet 1938pr\u00eatre le 6&#8230;<\/p>\n","protected":false},"author":1,"featured_media":1433,"comment_status":"open","ping_status":"open","sticky":false,"template":"","format":"standard","meta":{"footnotes":""},"categories":[3],"tags":[],"class_list":["post-1434","post","type-post","status-publish","format-standard","has-post-thumbnail","hentry","category-necrologe-sma"],"_links":{"self":[{"href":"https:\/\/www.defunts.smainternational.site\/index.php?rest_route=\/wp\/v2\/posts\/1434","targetHints":{"allow":["GET"]}}],"collection":[{"href":"https:\/\/www.defunts.smainternational.site\/index.php?rest_route=\/wp\/v2\/posts"}],"about":[{"href":"https:\/\/www.defunts.smainternational.site\/index.php?rest_route=\/wp\/v2\/types\/post"}],"author":[{"embeddable":true,"href":"https:\/\/www.defunts.smainternational.site\/index.php?rest_route=\/wp\/v2\/users\/1"}],"replies":[{"embeddable":true,"href":"https:\/\/www.defunts.smainternational.site\/index.php?rest_route=%2Fwp%2Fv2%2Fcomments&post=1434"}],"version-history":[{"count":0,"href":"https:\/\/www.defunts.smainternational.site\/index.php?rest_route=\/wp\/v2\/posts\/1434\/revisions"}],"wp:featuredmedia":[{"embeddable":true,"href":"https:\/\/www.defunts.smainternational.site\/index.php?rest_route=\/wp\/v2\/media\/1433"}],"wp:attachment":[{"href":"https:\/\/www.defunts.smainternational.site\/index.php?rest_route=%2Fwp%2Fv2%2Fmedia&parent=1434"}],"wp:term":[{"taxonomy":"category","embeddable":true,"href":"https:\/\/www.defunts.smainternational.site\/index.php?rest_route=%2Fwp%2Fv2%2Fcategories&post=1434"},{"taxonomy":"post_tag","embeddable":true,"href":"https:\/\/www.defunts.smainternational.site\/index.php?rest_route=%2Fwp%2Fv2%2Ftags&post=1434"}],"curies":[{"name":"wp","href":"https:\/\/api.w.org\/{rel}","templated":true}]}}