{"id":1448,"date":"2015-03-10T08:10:17","date_gmt":"2015-03-10T08:10:17","guid":{"rendered":"https:\/\/bkpdefunts.smainternational.info\/?p=1448"},"modified":"2015-03-10T08:10:17","modified_gmt":"2015-03-10T08:10:17","slug":"le-pere-aime-beauquis","status":"publish","type":"post","link":"https:\/\/www.defunts.smainternational.site\/?p=1448","title":{"rendered":"Le P\u00e8re Aim\u00e9 BEAUQUIS"},"content":{"rendered":"<p><strong>Soci\u00e9t\u00e9 des Missions Africaines<\/strong><\/p>\n<table style=\"height: 17px; width: 1048px;\">\n<tbody>\n<tr>\n<td><img loading=\"lazy\" decoding=\"async\" class=\" size-full wp-image-1447\" src=\"https:\/\/www.defunts.smainternational.site\/wp-content\/uploads\/2015\/03\/BEAUQUIS_Aime.jpg\" alt=\"BEAUQUIS Aime\" width=\"113\" height=\"141\" \/><\/td>\n<td>n\u00e9 le 27 d\u00e9cembre 1851 \u00e0 Annecy<br \/>dans le dioc\u00e8se d&rsquo;Annecy, France<br \/>membre de la SMA le 28 juillet 1884<br \/>pr\u00eatre en 1877<br \/>d\u00e9c\u00e9d\u00e9 le 17 avril 1891<\/td>\n<td>\n<p>1877-1884 vicaire dans son dioc\u00e8se d&rsquo;Annecy<\/p>\n<p>1884-1885 Lyon, pr\u00e9paration<br \/>1885-1891 missionnaire au Dahomey, puis<br \/>au vicariat de la C\u00f4te du B\u00e9nin<\/p>\n<p>d\u00e9c\u00e9d\u00e9 \u00e0 Topo, Nigeria, le 17 avril 1891,<br \/>\u00e0 l\u2019\u00e2ge de 40 ans<\/p>\n<\/td>\n<\/tr>\n<\/tbody>\n<\/table>\n<p>Le p\u00e8re Aim\u00e9 BEAUQUIS (1851 &#8211; 1891)<\/p>\n<p>A Tocpo (Nigeria), le 17 avril 1891, retour \u00e0 Dieu du p\u00e8re Aim\u00e9 Beauquis, \u00e0 l&rsquo;\u00e2ge de 40 ans.<\/p>\n<p>N\u00e9 dans le dioc\u00e8se d&rsquo;Annecy, en 1851, Aim\u00e9 Beauquis, ordonn\u00e9 pr\u00eatre en 1877, entrait aux Missions Africaines en 1884. Il fit le serment en juillet 1885 et partit pour la pr\u00e9fecture apostolique du Dahomey en octobre suivant. En 1886, il \u00e9tait d\u00e9sign\u00e9 avec le p\u00e8re Moran pour fonder la mission d&rsquo;Atakpam\u00e9 (Togo). Ils sont tous les deux victimes des f\u00e9ticheurs. Ils \u00e9chappent tous deux au premier empoisonnement. Mais au second, le p\u00e8re Moran meurt et le p\u00e8re Beauquis est transport\u00e9 sans connaissance en hamac jusqu&rsquo;au Mono. Plac\u00e9 dans une pirogue, il parvient plus mort que vif, \u00e0 la mission d&rsquo;Agou\u00e9. Il eut une longue convalescence. Puis il fut envoy\u00e9 au vicariat de la C\u00f4te du B\u00e9nin. Il travailla surtout \u00e0 Tocpo.<\/p>\n","protected":false},"excerpt":{"rendered":"<p>Soci\u00e9t\u00e9 des Missions Africaines n\u00e9 le 27 d\u00e9cembre 1851 \u00e0 Annecydans le dioc\u00e8se d&rsquo;Annecy, Francemembre de la SMA le 28 juillet 1884pr\u00eatre en 1877d\u00e9c\u00e9d\u00e9 le 17 avril 1891 1877-1884&#8230;<\/p>\n","protected":false},"author":1,"featured_media":1447,"comment_status":"open","ping_status":"open","sticky":false,"template":"","format":"standard","meta":{"footnotes":""},"categories":[3],"tags":[],"class_list":["post-1448","post","type-post","status-publish","format-standard","has-post-thumbnail","hentry","category-necrologe-sma"],"_links":{"self":[{"href":"https:\/\/www.defunts.smainternational.site\/index.php?rest_route=\/wp\/v2\/posts\/1448","targetHints":{"allow":["GET"]}}],"collection":[{"href":"https:\/\/www.defunts.smainternational.site\/index.php?rest_route=\/wp\/v2\/posts"}],"about":[{"href":"https:\/\/www.defunts.smainternational.site\/index.php?rest_route=\/wp\/v2\/types\/post"}],"author":[{"embeddable":true,"href":"https:\/\/www.defunts.smainternational.site\/index.php?rest_route=\/wp\/v2\/users\/1"}],"replies":[{"embeddable":true,"href":"https:\/\/www.defunts.smainternational.site\/index.php?rest_route=%2Fwp%2Fv2%2Fcomments&post=1448"}],"version-history":[{"count":0,"href":"https:\/\/www.defunts.smainternational.site\/index.php?rest_route=\/wp\/v2\/posts\/1448\/revisions"}],"wp:featuredmedia":[{"embeddable":true,"href":"https:\/\/www.defunts.smainternational.site\/index.php?rest_route=\/wp\/v2\/media\/1447"}],"wp:attachment":[{"href":"https:\/\/www.defunts.smainternational.site\/index.php?rest_route=%2Fwp%2Fv2%2Fmedia&parent=1448"}],"wp:term":[{"taxonomy":"category","embeddable":true,"href":"https:\/\/www.defunts.smainternational.site\/index.php?rest_route=%2Fwp%2Fv2%2Fcategories&post=1448"},{"taxonomy":"post_tag","embeddable":true,"href":"https:\/\/www.defunts.smainternational.site\/index.php?rest_route=%2Fwp%2Fv2%2Ftags&post=1448"}],"curies":[{"name":"wp","href":"https:\/\/api.w.org\/{rel}","templated":true}]}}