{"id":1450,"date":"2015-03-10T08:13:04","date_gmt":"2015-03-10T08:13:04","guid":{"rendered":"https:\/\/bkpdefunts.smainternational.info\/?p=1450"},"modified":"2015-03-10T08:13:04","modified_gmt":"2015-03-10T08:13:04","slug":"le-pere-francois-devoucoux","status":"publish","type":"post","link":"https:\/\/www.defunts.smainternational.site\/?p=1450","title":{"rendered":"Le P\u00e8re Fran\u00e7ois DEVOUCOUX"},"content":{"rendered":"<p><strong>Soci\u00e9t\u00e9 des Missions Africaines \u2013 Province de Lyon<\/strong><\/p>\n<table style=\"height: 17px; width: 1024px;\">\n<tbody>\n<tr>\n<td><img loading=\"lazy\" decoding=\"async\" class=\" size-full wp-image-1449\" src=\"https:\/\/www.defunts.smainternational.site\/wp-content\/uploads\/2015\/03\/DECOUVOUX_Francois.jpg\" alt=\"DECOUVOUX Francois\" width=\"113\" height=\"141\" \/><\/td>\n<td>n\u00e9 le 3 mai 1846 \u00e0 Ch\u00e2teau-Chinon<br \/>dans le dioc\u00e8se de Nevers (France)<br \/>membre de la SMA le 15 ao\u00fbt 1870<br \/>pr\u00eatre le 24 ao\u00fbt 1870<br \/>d\u00e9c\u00e9d\u00e9 le 17 avril 1930<\/td>\n<td>\n<p>1870-1878 missionnaire au Cap de Bonne Esp\u00e9rance,&nbsp;<br \/>\u00e0 la C\u00f4te de l\u2019Or et en Egypte<br \/>1878 fondateur de la maison de Cork (Irlande)<br \/>1888-1889 en Espagne<br \/>1891-1896 d\u00e9l\u00e9gu\u00e9 de l\u2019\u0153uvre de la Propagation de la Foi<br \/>au Mexique<br \/>1896-1902 conseiller g\u00e9n\u00e9ral<br \/>1902-1912 de nouveau au Mexique<br \/>1912-1914 La Croix-Valmer, repos<br \/>1914-1919 Lyon, 150, directeur<br \/>1920-1930 Le Rozay, retir\u00e9 et aum\u00f4nier \u00e0 Ecully<\/p>\n<p>d\u00e9c\u00e9d\u00e9 \u00e0 Lyon, France, le 17 avril 1930,<br \/>\u00e0 l\u2019\u00e2ge de 83 ans<\/p>\n<\/td>\n<\/tr>\n<\/tbody>\n<\/table>\n<p>Le p\u00e8re Fran\u00e7ois DEVOUCOUX (1846 &#8211; 1930)<\/p>\n<p>A Lyon, le 17 avril 1930, retour \u00e0 Dieu du p\u00e8re Fran\u00e7ois Devoucoux, \u00e0 l&rsquo;\u00e2ge de 83 ans.<\/p>\n<p>N\u00e9 le 3 mai 1846 \u00e0 Ch\u00e2teau-Chinon (Ni\u00e8vre) dans le dioc\u00e8se de Nevers, Fran\u00e7ois Devoucoux achevait ses \u00e9tudes au grand s\u00e9minaire quand le p\u00e8re Cloud, r\u00e9cemment d\u00e9barqu\u00e9 du Dahomey, vint demander l&rsquo;hospitalisation en m\u00eame temps que des volontaires pour l&rsquo;Afrique. Le 18 mai 1870, l&rsquo;abb\u00e9 Devoucoux, sous-diacre, entrait aux Missions Africaines. Il fit le serment et fut ordonn\u00e9 pr\u00eatre au mois d&rsquo;ao\u00fbt suivant.. Pendant la Commune, le p\u00e8re Devoucoux rentra chez lui et pr\u00eata ses services comme infirmier. Apr\u00e8s la tourmente, il se mit \u00e0 la disposition du p\u00e8re Planque.<\/p>\n<p>Petit de taille, maigre et fluet, tout en nerfs, d&rsquo;une sant\u00e9 plut\u00f4t faible, le jeune missionnaire fut envoy\u00e9 \u00e0 Nice o\u00f9, pendant trois ans, il s&rsquo;occupa des confr\u00e8res malades, tout en \u00e9tant aum\u00f4nier et professeur au couvent Sainte-Marthe. En 1873, il est d\u00e9sign\u00e9 pour la mission du Cap de Bonne-Esp\u00e9rance. Il y part en juillet et est affect\u00e9 au petit poste d&rsquo;Austhorn. C&rsquo;est une bien pauvre mission: quelques catholiques ti\u00e8des, des protestants fanatiques, des \u00ab\u00a0bushmen\u00a0\u00bb qui fuient devant les Blancs. Pour vivre, les missionnaires doivent travailler. Le p\u00e8re Devoucoux fait de l&rsquo;horticulture. Sa sant\u00e9 ne r\u00e9siste pas aux privations et, d\u00e8s 1876, il doit rentrer en France. Il passe par l&rsquo;\u00eele Sainte-H\u00e9l\u00e8ne saluer ses confr\u00e8res, s&rsquo;arr\u00eate quelques semaines \u00e0 Lagos et rentre \u00e0 Lyon. En Irlande, un ancien missionnaire d&rsquo;Afrique du Sud, M. O&rsquo;Haire, qui a bien connu nos missionnaires, commen\u00e7ait \u00e0 lancer une \u0153uvre pour les Missions Africaines. Le p\u00e8re Planque d\u00e9signe le p\u00e8re Devoucoux pour l&rsquo;Irlande; c&rsquo;\u00e9tait en septembre 1878. Le p\u00e8re Devoucoux se met au travail et lorsqu&rsquo;en 1883, rappel\u00e9 en France, il laissera l&rsquo;\u0153uvre au p\u00e8re Zimmermann, une maison et une \u00e9glise auront \u00e9t\u00e9 construites et toutes les dettes pay\u00e9es.<\/p>\n<p>En f\u00e9vrier 1883, le p\u00e8re Devoucoux partait pour la pr\u00e9fecture de la C\u00f4te-de-l&rsquo;Or, mais revenait malade l&rsquo;ann\u00e9e suivante. En 1884, il fait le tour des s\u00e9minaire de l&rsquo;Ouest de la France, essayant d&rsquo;y d\u00e9couvrir quelques vocations. En 1878, il avait, \u00e0 son retour du Cap, fait une tourn\u00e9e semblable dans les s\u00e9minaires du sud-est et il avait recrut\u00e9 le futur Mgr Pellet et les futurs p\u00e8res Etienne, Pellet, Bel, Piolat, Fugier, Pellat, tous grands missionnaires. D\u00e9sign\u00e9 pour l&rsquo;Egypte, o\u00f9 le p\u00e8re Planque pense que le climat lui sera plus cl\u00e9ment, le p\u00e8re Devoucoux fait d&rsquo;abord un s\u00e9jour \u00e0 Beyrouth pour se familiariser avec l&rsquo;arabe, tout en enseignant le fran\u00e7ais au coll\u00e8ge de la Sagesse. Il est affect\u00e9 comme sup\u00e9rieur \u00e0 Zagazig, mais sa sant\u00e9 le contraint encore \u00e0 revenir en Europe.<\/p>\n<p>En 1888, il est d\u00e9sign\u00e9 pour l&rsquo;Espagne o\u00f9 les p\u00e8res Planque et Desribes fondent une nouvelle \u00e9cole apostolique \u00e0 Bugedo. Il y apprend l&rsquo;espagnol qu&rsquo;il parlera couramment. Revenu malade en 1889, il se retrouve dans sa famille.<\/p>\n<p>En 1891, il part au Mexique comme d\u00e9l\u00e9gu\u00e9 de l&rsquo;\u0153uvre de la Propagation de la Foi. En 1896, nomm\u00e9 conseiller g\u00e9n\u00e9ral, il prend la direction du grand s\u00e9minaire de Lyon, charge qu&rsquo;il conservera jusqu&rsquo;en 1902. Il y fut un collaborateur d\u00e9vou\u00e9 du p\u00e8re Planque.<\/p>\n<p>En 1902, le p\u00e8re Devoucoux reprenait le chemin du Mexique, non plus comme adjoint de Mgr Terrien, mais comme sup\u00e9rieur de la d\u00e9l\u00e9gation. Pendant les 10 ans qu&rsquo;il y passera, le p\u00e8re Devoucoux va accomplir un magnifique travail. Revenu en 1912 avec une sant\u00e9 bien compromise, il dut passer deux ans \u00e0 La Croix. 1914, c&rsquo;est la guerre. Il faut remplacer les p\u00e8res mobilis\u00e9s. Le p\u00e8re est nomm\u00e9 \u00e0 Lyon comme professeur d&rsquo;Ecriture sainte en remplacement du p\u00e8re Parisot. Le s\u00e9minaire \u00e9tait r\u00e9quisitionn\u00e9 par les troupes; le p\u00e8re Devoucoux est en m\u00eame temps charg\u00e9, aupr\u00e8s de la place de Lyon, des int\u00e9r\u00eats mat\u00e9riels du s\u00e9minaire. Pour alimenter les deux popotes, il se fait jardinier. Les soldats ne tarderont pas \u00e0 appr\u00e9cier ce \u00ab\u00a0petit cur\u00e9\u00a0\u00bb \u00e0 barbe blanche qui les amusait par ses r\u00e9parties fines, ses belles histoires de voyage, ses mots dr\u00f4les, mais qui les \u00e9difiait aussi par sa discipline aust\u00e8re et par son optimisme.<\/p>\n<p>Apr\u00e8s la guerre, le p\u00e8re Devoucoux se retira au Rozay. Mais comme l&rsquo;inaction lui pesait, il ne tarda pas \u00e0 prendre l&rsquo;aum\u00f4nerie de l&rsquo;orphelinat d&rsquo;Ecully. Au moment de sa mort, \u00e0 84 ans, il r\u00e9digeait une m\u00e9thode de latin. Il fut emport\u00e9 en quelques jours par une angine de poitrine.<\/p>\n<p>Ce qui rehaussait la grandeur de ce vieillard et de ce missionnaire, c&rsquo;\u00e9tait une grande distinction de mani\u00e8res, une parfaite amabilit\u00e9 que chacun sentait dans son \u00ab\u00a0bonjour\u00a0\u00bb et enfin une d\u00e9licatesse exquise. Il voulut se rendre utile jusqu&rsquo;au bout. Il avait aussi une grande d\u00e9licatesse envers le Seigneur. Son amour du r\u00e8glement allait jusqu&rsquo;\u00e0 l&rsquo;intransigeance. Il avait le souci de la pri\u00e8re, sp\u00e9cialement du br\u00e9viaire qu&rsquo;il c\u00e9l\u00e9brait lentement et \u00e0 temps r\u00e9gulier.<\/p>\n","protected":false},"excerpt":{"rendered":"<p>Soci\u00e9t\u00e9 des Missions Africaines \u2013 Province de Lyon n\u00e9 le 3 mai 1846 \u00e0 Ch\u00e2teau-Chinondans le dioc\u00e8se de Nevers (France)membre de la SMA le 15 ao\u00fbt 1870pr\u00eatre le 24&#8230;<\/p>\n","protected":false},"author":1,"featured_media":1449,"comment_status":"open","ping_status":"open","sticky":false,"template":"","format":"standard","meta":{"footnotes":""},"categories":[3],"tags":[],"class_list":["post-1450","post","type-post","status-publish","format-standard","has-post-thumbnail","hentry","category-necrologe-sma"],"_links":{"self":[{"href":"https:\/\/www.defunts.smainternational.site\/index.php?rest_route=\/wp\/v2\/posts\/1450","targetHints":{"allow":["GET"]}}],"collection":[{"href":"https:\/\/www.defunts.smainternational.site\/index.php?rest_route=\/wp\/v2\/posts"}],"about":[{"href":"https:\/\/www.defunts.smainternational.site\/index.php?rest_route=\/wp\/v2\/types\/post"}],"author":[{"embeddable":true,"href":"https:\/\/www.defunts.smainternational.site\/index.php?rest_route=\/wp\/v2\/users\/1"}],"replies":[{"embeddable":true,"href":"https:\/\/www.defunts.smainternational.site\/index.php?rest_route=%2Fwp%2Fv2%2Fcomments&post=1450"}],"version-history":[{"count":0,"href":"https:\/\/www.defunts.smainternational.site\/index.php?rest_route=\/wp\/v2\/posts\/1450\/revisions"}],"wp:featuredmedia":[{"embeddable":true,"href":"https:\/\/www.defunts.smainternational.site\/index.php?rest_route=\/wp\/v2\/media\/1449"}],"wp:attachment":[{"href":"https:\/\/www.defunts.smainternational.site\/index.php?rest_route=%2Fwp%2Fv2%2Fmedia&parent=1450"}],"wp:term":[{"taxonomy":"category","embeddable":true,"href":"https:\/\/www.defunts.smainternational.site\/index.php?rest_route=%2Fwp%2Fv2%2Fcategories&post=1450"},{"taxonomy":"post_tag","embeddable":true,"href":"https:\/\/www.defunts.smainternational.site\/index.php?rest_route=%2Fwp%2Fv2%2Ftags&post=1450"}],"curies":[{"name":"wp","href":"https:\/\/api.w.org\/{rel}","templated":true}]}}