{"id":1461,"date":"2015-03-10T08:34:40","date_gmt":"2015-03-10T08:34:40","guid":{"rendered":"https:\/\/bkpdefunts.smainternational.info\/?p=1461"},"modified":"2015-03-10T08:34:40","modified_gmt":"2015-03-10T08:34:40","slug":"le-pere-jean-driot-2","status":"publish","type":"post","link":"https:\/\/www.defunts.smainternational.site\/?p=1461","title":{"rendered":"Le P\u00e8re Jean DRIOT"},"content":{"rendered":"<p><strong>Soci\u00e9t\u00e9 des Missions Africaines \u2013Province de Lyon<\/strong><\/p>\n<table style=\"height: 17px; width: 1037px;\">\n<tbody>\n<tr>\n<td><img loading=\"lazy\" decoding=\"async\" class=\" size-full wp-image-1459\" src=\"https:\/\/www.defunts.smainternational.site\/wp-content\/uploads\/2015\/03\/DRIOT_Jean.jpg\" alt=\"DRIOT Jean\" width=\"113\" height=\"142\" \/><\/td>\n<td>n\u00e9 le 1er d\u00e9cembre 1928 \u00e0 Sainte-Sigol\u00e8ne<br \/>dans le dioc\u00e8se du Puy, France<br \/>membre de la SMA le 25 juillet 1950<br \/>pr\u00eatre le 7 d\u00e9cembre 1954<br \/>d\u00e9c\u00e9d\u00e9 le 17 avril 1989<\/td>\n<td>\n<p>1955-1960 Chaponost, professeur<br \/>1960-1979 missionnaire en C\u00f4te-d&rsquo;Ivoire<br \/>1960-1965 : Bingerville (Abidjan), professeur<br \/>1965-1969 : Dabr\u00e9, vicaire<br \/>1969-1971 : Akoup\u00e9, cur\u00e9<br \/>1971-1974 : Memni et Dabr\u00e9, cur\u00e9<br \/>1974-1977 : Memni, cur\u00e9<br \/>1977-1979 : Dabou, cur\u00e9<br \/>1979-1982 Chamali\u00e8res, procureur<br \/>1982-1984 Adjam\u00e9, C\u00f4te-d&rsquo;Ivoire vicaire<br \/>1984-1989 Chamali\u00e8res, responsable<\/p>\n<p>d\u00e9c\u00e9d\u00e9 \u00e0 Sainte-Sigol\u00e8ne, le 17 avril 1989,<br \/>\u00e0 l&rsquo;\u00e2ge de 60 ans<\/p>\n<\/td>\n<\/tr>\n<\/tbody>\n<\/table>\n<p>Le p\u00e8re Jean DRIOT (1928 1989)<\/p>\n<p>Le p\u00e8re Jean Driot est n\u00e9 le 1er d\u00e9cembre 1928 \u00e0 Sainte-Sigol\u00e8ne, dans la Haute-Loire, de parents cultivateurs. Apr\u00e8s ses \u00e9tudes primaires dans l\u2019\u00e9cole des fr\u00e8res du Sacr\u00e9-C\u0153ur, il entre au petit s\u00e9minaire d\u2019Yssingeaux, d\u2019o\u00f9 il \u00e9crit, le 10 mai 1948, au sup\u00e9rieur des Missions Africaines pour lui demander son admission dans cette Soci\u00e9t\u00e9.<\/p>\n<p>Le sup\u00e9rieur du petit s\u00e9minaire donne sur lui de tr\u00e8s bons renseignements : Un de nos meilleurs \u00e9l\u00e8ves, pi\u00e9t\u00e9 s\u00e9rieuse, tr\u00e8s bon caract\u00e8re, aim\u00e9 de tous. Jean entre en 1948 au noviciat de Chanly, en Belgique. Le 25 juillet 1950, par le serment, il devient membre des Missions Africaines. Apr\u00e8s son service militaire, il entre au grand s\u00e9minaire de Lyon en 1952. C\u2019est le 7 d\u00e9cembre 1954 qu\u2019il est ordonn\u00e9 pr\u00eatre.<\/p>\n<p>Il est d\u2019abord affect\u00e9 comme professeur au petit s\u00e9minaire de Chaponost, o\u00f9 il enseignera de 1955 \u00e0 1960.<\/p>\n<p>En 1960, il est nomm\u00e9 en C\u00f4te-d\u2019Ivoire. Monseigneur Bernard Yago, archev\u00eaque d\u2019Abidjan, l\u2019affecte, comme professeur, au petit s\u00e9minaire de Bingerville. Le 31 ao\u00fbt 1965, monseigneur Yago l\u2019envoie \u00e0 Dabr\u00e9 o\u00f9, tout en le laissant responsable de cette paroisse, il lui demande d\u2019organiser, avec l\u2019\u00e9quipe du p\u00e8re Michel Girard, toute la pastorale d\u2019ensemble de la r\u00e9gion Atti\u00e9- M\u2019Batto. En 1969, on signale d\u00e9j\u00e0, chez lui, des ennuis de sant\u00e9 chroniques. Le p\u00e8re Driot se plaint aussi d\u2019\u00eatre seul, sans avoir \u00e9t\u00e9 initi\u00e9 \u00e0 la pastorale et d\u2019avoir trouv\u00e9 une situation financi\u00e8re difficile.<\/p>\n<p>A son cong\u00e9, en 1971, le docteur Plauchu ne le trouve pas en excellente sant\u00e9, mais n\u2019ose pas encore lui interdire l\u2019Afrique. En 1974, il \u00e9crit de Memni pour demander \u00e0 suivre le recyclage de l\u2019Arbresle. Nouvel examen chez le docteur Plauchu qui ne lui trouve pas encore une sant\u00e9 bien brillante et h\u00e9site \u00e0 lui redonner le feu vert pour l\u2019Afrique. En 1975, il revient cependant \u00e0 Dabr\u00e9 mais, cette fois, il est d\u00e9charg\u00e9 de Memni : Les deux \u00e0 la fois, c\u2019\u00e9tait trop lourd, \u00e9crit-il, et cela ne contentait personne. En 1978, il \u00e9crit de Dabou dont depuis un an il est devenu cur\u00e9 : Ici \u00e0 Dabou, c\u2019est un autre monde. Il y a au moins 6000 \u00e9l\u00e8ves dans le secondaire et autant dans le primaire, plus de 25 000 habitants, sans compter les 10 \u00e0 15 000 habitants des villages. Deux p\u00e8res \u00e0 plein temps, plus une s\u0153ur qui travaille dans la cat\u00e9ch\u00e8se du secondaire, ce n\u2019est pas beaucoup !<\/p>\n<p>Le 27 f\u00e9vrier 1979, il \u00e9crit : Vous \u00eates s\u00fbrement au courant de ma maladie. J\u2019ai fait trois s\u00e9jours diff\u00e9rents \u00e0 l\u2019h\u00f4pital. Apr\u00e8s l\u2019\u0153d\u00e8me pulmonaire, je suis sorti de l\u2019h\u00f4pital le 21 janvier. Monseigneur Yago m\u2019a propos\u00e9 de rentrer en France. Pendant son cong\u00e9, il apprend qu\u2019il est nomm\u00e9 procureur \u00e0 Chamali\u00e8res. Jean lui-m\u00eame ne se sentait pas capable de retourner en mission dans l\u2019ann\u00e9e et il accepte cette nomination. Pendant trois ans, il va s\u2019employer \u00e0 ce travail nouveau pour lui.<\/p>\n<p>En 1981, il avertit monseigneur Yago qu\u2019on l\u2019autorise, de nouveau, \u00e0 retourner en C\u00f4te- d\u2019Ivoire pour un minist\u00e8re adapt\u00e9 \u00e0 son \u00e9tat de sant\u00e9. Il est alors nomm\u00e9 comme vicaire \u00e0 la paroisse d\u2019Adjam\u00e9, ce qu\u2019il accepte volontiers, de m\u00eame que le Conseil provincial qui le remercie pour l\u2019excellent travail qu\u2019il a accompli avec d\u00e9vouement et g\u00e9n\u00e9rosit\u00e9 \u00e0 la procure de Chamali\u00e8res.<\/p>\n<p>En 1984, deux ans apr\u00e8s son arriv\u00e9e \u00e0 Adjam\u00e9, il fait part au p\u00e8re Dhumeau, qui rentre en France, de son mauvais \u00e9tat de sant\u00e9 et de son d\u00e9sir de quitter d\u00e9finitivement la C\u00f4te- d\u2019Ivoire. On le nomme, cette fois encore, \u00e0 la procure de Chamali\u00e8res pour y aider le p\u00e8re Bioret.<\/p>\n<p>En mai 1985, on lui demande d\u2019accepter la responsabilit\u00e9 de la maison, avec celle de la procure. Le 4 octobre 1988, il \u00e9crit au p\u00e8re provincial pour lui dire sa satisfaction d\u2019accueillir le p\u00e8re Cogard et son regret de ne pas rendre service plus souvent dans le dioc\u00e8se.<\/p>\n<p>En avril 1989, le p\u00e8re vient passer quelques jours dans sa famille \u00e0 Sainte-Sigol\u00e8ne. Le 16 au soir, il quitte les siens, se retire dans la maison familiale qu\u2019il occupait seul pour y passer la nuit et rejoindre Chamali\u00e8res, le 17 avril au matin. Les p\u00e8res de la communaut\u00e9, ne le voyant pas venir, t\u00e9l\u00e9phonent \u00e0 sa famille. On le trouve mort chez lui. Le d\u00e9c\u00e8s remontait, sans doute, \u00e0 la veille au soir.<\/p>\n<p>La c\u00e9r\u00e9monie des fun\u00e9railles a lieu dans l\u2019\u00e9glise de Sainte-Sigol\u00e8ne, le 20 avril 1989. Elle est pr\u00e9sid\u00e9e par le p\u00e8re Lamure, vice-provincial et en pr\u00e9sence d\u2019une cinquantaine de pr\u00eatres, dont le p\u00e8re Paul Destable, repr\u00e9sentant l\u2019\u00e9v\u00eaque de Clermont-Ferrand, des pr\u00eatres du dioc\u00e8se, de nombreux p\u00e8res des Missions Africaines, en pr\u00e9sence \u00e9galement de nombreuses religieuses de diff\u00e9rentes congr\u00e9gations.<\/p>\n<p>Une autre messe demand\u00e9e par les amis des Missions et le dioc\u00e8se de Clermont-Ferrand a \u00e9t\u00e9 c\u00e9l\u00e9br\u00e9e, le 20 mai, dans l\u2019\u00e9glise de la paroisse Sainte-Jeanne d\u2019Arc de Clermont, en pr\u00e9sence de l\u2019\u00e9v\u00eaque, monseigneur Jean Dardel, qui tenait \u00e0 pr\u00e9sider cette c\u00e9r\u00e9monie.<\/p>\n<p>Des ann\u00e9es de travail apostolique, jalonn\u00e9es de p\u00e9riodes heureuses, mais marqu\u00e9es aussi de passages bien douloureux\u2026 Des ann\u00e9es v\u00e9cues avec la volont\u00e9 de servir jusqu\u2019au bout\u2026 Un homme qui ne s\u2019attardait pas sur ses propres mis\u00e8res mais, par contre, un homme disponible et d\u00e9vou\u00e9 sous un ext\u00e9rieur bourru, d\u00fb peut-\u00eatre, en partie, au rude pays de la Haute-Loire ! On l\u2019aimait bien, le P\u00e8re Jean !<\/p>\n","protected":false},"excerpt":{"rendered":"<p>Soci\u00e9t\u00e9 des Missions Africaines \u2013Province de Lyon n\u00e9 le 1er d\u00e9cembre 1928 \u00e0 Sainte-Sigol\u00e8nedans le dioc\u00e8se du Puy, Francemembre de la SMA le 25 juillet 1950pr\u00eatre le 7 d\u00e9cembre&#8230;<\/p>\n","protected":false},"author":1,"featured_media":1459,"comment_status":"open","ping_status":"open","sticky":false,"template":"","format":"standard","meta":{"footnotes":""},"categories":[3],"tags":[],"class_list":["post-1461","post","type-post","status-publish","format-standard","has-post-thumbnail","hentry","category-necrologe-sma"],"_links":{"self":[{"href":"https:\/\/www.defunts.smainternational.site\/index.php?rest_route=\/wp\/v2\/posts\/1461","targetHints":{"allow":["GET"]}}],"collection":[{"href":"https:\/\/www.defunts.smainternational.site\/index.php?rest_route=\/wp\/v2\/posts"}],"about":[{"href":"https:\/\/www.defunts.smainternational.site\/index.php?rest_route=\/wp\/v2\/types\/post"}],"author":[{"embeddable":true,"href":"https:\/\/www.defunts.smainternational.site\/index.php?rest_route=\/wp\/v2\/users\/1"}],"replies":[{"embeddable":true,"href":"https:\/\/www.defunts.smainternational.site\/index.php?rest_route=%2Fwp%2Fv2%2Fcomments&post=1461"}],"version-history":[{"count":0,"href":"https:\/\/www.defunts.smainternational.site\/index.php?rest_route=\/wp\/v2\/posts\/1461\/revisions"}],"wp:featuredmedia":[{"embeddable":true,"href":"https:\/\/www.defunts.smainternational.site\/index.php?rest_route=\/wp\/v2\/media\/1459"}],"wp:attachment":[{"href":"https:\/\/www.defunts.smainternational.site\/index.php?rest_route=%2Fwp%2Fv2%2Fmedia&parent=1461"}],"wp:term":[{"taxonomy":"category","embeddable":true,"href":"https:\/\/www.defunts.smainternational.site\/index.php?rest_route=%2Fwp%2Fv2%2Fcategories&post=1461"},{"taxonomy":"post_tag","embeddable":true,"href":"https:\/\/www.defunts.smainternational.site\/index.php?rest_route=%2Fwp%2Fv2%2Ftags&post=1461"}],"curies":[{"name":"wp","href":"https:\/\/api.w.org\/{rel}","templated":true}]}}