{"id":1482,"date":"2015-03-10T09:07:14","date_gmt":"2015-03-10T09:07:14","guid":{"rendered":"https:\/\/bkpdefunts.smainternational.info\/?p=1482"},"modified":"2015-03-10T09:07:14","modified_gmt":"2015-03-10T09:07:14","slug":"le-pere-richard-brown","status":"publish","type":"post","link":"https:\/\/www.defunts.smainternational.site\/?p=1482","title":{"rendered":"Le P\u00e8re Richard BROWN"},"content":{"rendered":"<p><strong>Soci\u00e9t\u00e9 des Missions Africaines \u2013District du Canada <\/strong><\/p>\n<table style=\"height: 17px; width: 1048px;\">\n<tbody>\n<tr>\n<td><img loading=\"lazy\" decoding=\"async\" class=\" size-full wp-image-1481\" src=\"https:\/\/www.defunts.smainternational.site\/wp-content\/uploads\/2015\/03\/BROWN_Richard.jpg\" alt=\"BROWN Richard\" width=\"113\" height=\"141\" \/><\/td>\n<td>n\u00e9 le 27 mai 1945 \u00e0 Philadelphie<br \/>dans le dioc\u00e8se de Philadelphia, USA<br \/>serment permanent le 30 avril 1988&nbsp;<br \/>pr\u00eatre le 7 ao\u00fbt 1988<br \/>d\u00e9c\u00e9d\u00e9 le 19 avril 1991<\/td>\n<td>\n<p>1972-1980 coop\u00e9rant la\u00efc au Burkina, S\u00e9n\u00e9gal, Togo et Cameroun<br \/>1988-1991 missionnaire en C\u00f4te d&rsquo;Ivoire<\/p>\n<p>d\u00e9c\u00e9d\u00e9 \u00e0 Ferkess\u00e9dougou, C\u00f4te-d&rsquo;Ivoire, le 19 avril 1991,<br \/>\u00e0 l&rsquo;\u00e2ge de 45 ans<\/p>\n<\/td>\n<\/tr>\n<\/tbody>\n<\/table>\n<p>Le p\u00e8re Richard BROWN (1945 &#8211; 1991)<\/p>\n<p>Richard Brown est n\u00e9 \u00e0 Paris le 27 mai 1945 de Donald Brown et de Simone Carr\u00e9. Il a \u00e9t\u00e9 baptis\u00e9 le 21 avril 1946 \u00e0 Pittsburgh (Pennsylvania), \u00c9tats-Unis. Il fut confirm\u00e9 \u00e0 la paroisse Ste Th\u00e9r\u00e8se de l\u2019Enfant J\u00e9sus \u00e0 Philadelphie, le 19 novembre 1955.<\/p>\n<p>Il a fait ses \u00e9tudes primaires et secondaires \u00e0 Philadelphie.<\/p>\n<p>En 1972, il est parti pour la Haute Volta (Burkina-Faso) avec le Peace Corps (les Volontaires de la Paix). Il y restera deux ans. C\u2019est l\u00e0 qu\u2019il apprit le fran\u00e7ais. Il a toujours gard\u00e9 un accent local!<\/p>\n<p>En rentrant aux Etats-Unis, il d\u00e9sirait encore repartir en Afrique. Les \u00e9v\u00eaques am\u00e9ricains cherchaient quelqu\u2019un pour les repr\u00e9senter au Catholic Relief (Secours Catholique). Il s\u2019est port\u00e9 volontaire. Il est donc parti comme coop\u00e9rant la\u00efc au S\u00e9n\u00e9gal, au Togo et au Cameroun de 1974 \u00e0 1980. Il sera marqu\u00e9 par ces ann\u00e9es dans les missions francophones.<\/p>\n<p>Apr\u00e8s un cours s\u00e9jour au noviciat des p\u00e8res Franciscains, il entre \u00e0 la SMA, dans la province am\u00e9ricaine pour y \u00e9tudier la th\u00e9ologie chez les p\u00e8res Maryknoll. Il fait un stage au Liberia en 1983-84. Il continue ensuite sa th\u00e9ologie. C\u2019est alors qu\u2019il rejoint la branche canadienne des SMA en 1985. Il fait un stage de 2 ans dans le nord de la C\u00f4te d\u2019Ivoire avec les confr\u00e8res missionnaires canadiens. (1985-87). Il fait une ann\u00e9e de th\u00e9ologie au Grand S\u00e9minaire de Montr\u00e9al. Il prononce son serment permanent le 30 avril 1988, puis le diaconat. Il est ordonn\u00e9 pr\u00eatre le 7 ao\u00fbt 1988, dans la paroisse o\u00f9 habitent ses parents \u00e0 Manahawkin (New Jersey).<\/p>\n<p>Il part en C\u00f4te d\u2019Ivoire, au dioc\u00e8se de Katiola, Ouangolodougou et Togoni\u00e9r\u00e9. (de 1988 \u00e0 1991). Il meurt apr\u00e8s 3 jours de maladie, \u00e0 Togoni\u00e9r\u00e9, le 19 avril 1991.<\/p>\n<p>Ce qui \u00e9tait marquant chez lui, c\u2019\u00e9tait sa grande ouverture, sa facilit\u00e9 de contact. Il connaissait beaucoup de monde et beaucoup de monde le connaissait! Il aimait beaucoup sa famille et restait en contact r\u00e9gulier avec les siens. Il aimait la SMA qu\u2019il avait d\u00e9couverte sp\u00e9cialement au Togo. Il avait davantage \u00e9t\u00e9 marqu\u00e9 par le style des missionnaires francophones. Il aimait la Mission en g\u00e9n\u00e9ral. Il n\u2019est rest\u00e9 que trois ans comme pr\u00eatre en mission, pourtant il avait d\u00e9j\u00e0 s\u00e9journ\u00e9 une douzaine d\u2019ann\u00e9es auparavant comme stagiaire ou coop\u00e9rant. Sa mort subite fut une dure \u00e9preuve pour ses parents, pour la SMA, pour ses paroissiens. Je pense qu\u2019il veille sur tous ceux-l\u00e0 du haut du ciel.<\/p>\n","protected":false},"excerpt":{"rendered":"<p>Soci\u00e9t\u00e9 des Missions Africaines \u2013District du Canada n\u00e9 le 27 mai 1945 \u00e0 Philadelphiedans le dioc\u00e8se de Philadelphia, USAserment permanent le 30 avril 1988&nbsp;pr\u00eatre le 7 ao\u00fbt 1988d\u00e9c\u00e9d\u00e9 le&#8230;<\/p>\n","protected":false},"author":1,"featured_media":1481,"comment_status":"open","ping_status":"open","sticky":false,"template":"","format":"standard","meta":{"footnotes":""},"categories":[3],"tags":[],"class_list":["post-1482","post","type-post","status-publish","format-standard","has-post-thumbnail","hentry","category-necrologe-sma"],"_links":{"self":[{"href":"https:\/\/www.defunts.smainternational.site\/index.php?rest_route=\/wp\/v2\/posts\/1482","targetHints":{"allow":["GET"]}}],"collection":[{"href":"https:\/\/www.defunts.smainternational.site\/index.php?rest_route=\/wp\/v2\/posts"}],"about":[{"href":"https:\/\/www.defunts.smainternational.site\/index.php?rest_route=\/wp\/v2\/types\/post"}],"author":[{"embeddable":true,"href":"https:\/\/www.defunts.smainternational.site\/index.php?rest_route=\/wp\/v2\/users\/1"}],"replies":[{"embeddable":true,"href":"https:\/\/www.defunts.smainternational.site\/index.php?rest_route=%2Fwp%2Fv2%2Fcomments&post=1482"}],"version-history":[{"count":0,"href":"https:\/\/www.defunts.smainternational.site\/index.php?rest_route=\/wp\/v2\/posts\/1482\/revisions"}],"wp:featuredmedia":[{"embeddable":true,"href":"https:\/\/www.defunts.smainternational.site\/index.php?rest_route=\/wp\/v2\/media\/1481"}],"wp:attachment":[{"href":"https:\/\/www.defunts.smainternational.site\/index.php?rest_route=%2Fwp%2Fv2%2Fmedia&parent=1482"}],"wp:term":[{"taxonomy":"category","embeddable":true,"href":"https:\/\/www.defunts.smainternational.site\/index.php?rest_route=%2Fwp%2Fv2%2Fcategories&post=1482"},{"taxonomy":"post_tag","embeddable":true,"href":"https:\/\/www.defunts.smainternational.site\/index.php?rest_route=%2Fwp%2Fv2%2Ftags&post=1482"}],"curies":[{"name":"wp","href":"https:\/\/api.w.org\/{rel}","templated":true}]}}