{"id":1492,"date":"2015-03-11T17:50:10","date_gmt":"2015-03-11T17:50:10","guid":{"rendered":"https:\/\/bkpdefunts.smainternational.info\/?p=1492"},"modified":"2015-03-11T17:50:10","modified_gmt":"2015-03-11T17:50:10","slug":"le-pere-louis-jolif","status":"publish","type":"post","link":"https:\/\/www.defunts.smainternational.site\/?p=1492","title":{"rendered":"Le P\u00e8re Louis JOLIF"},"content":{"rendered":"<p><strong>Soci\u00e9t\u00e9 des Missions Africaines \u2013Province de Lyon<\/strong><\/p>\n<table style=\"height: 17px; width: 1014px;\">\n<tbody>\n<tr>\n<td><img loading=\"lazy\" decoding=\"async\" class=\" size-full wp-image-1491\" src=\"https:\/\/www.defunts.smainternational.site\/wp-content\/uploads\/2015\/03\/JOLIF_Louis.jpg\" alt=\"JOLIF Louis\" width=\"113\" height=\"141\" \/><\/td>\n<td>n\u00e9 le 19 ao\u00fbt 1882 \u00e0 Andouille-Neuville<br \/>dans le dioc\u00e8se de Rennes, France<br \/>membre de la SMA le 19 d\u00e9cembre 1902<br \/>pr\u00eatre le 16 juillet 1905<br \/>d\u00e9c\u00e9d\u00e9 le 20 avril 1968<\/td>\n<td>\n<p>1905-1943 Pont-Rousseau, professeur puis directeur spirituel<br \/>1943-1946 Martign\u00e9-Ferchaud, sup\u00e9rieur<br \/>1946-1947 V\u00e9nissieux, aum\u00f4nier des s\u0153urs nda<br \/>1947-1968 La Croix-Valmer, retir\u00e9<\/p>\n<p>d\u00e9c\u00e9d\u00e9 \u00e0 La Croix-Valmer, le 20 avril 1968,<br \/>\u00e0 l&rsquo;\u00e2ge de 86 ans<\/p>\n<\/td>\n<\/tr>\n<\/tbody>\n<\/table>\n<p>P\u00e8re Louis JOLIF (1882 &#8211; 1968)<\/p>\n<p>C\u2019est \u00e0 Andouille\u2013Neuville, \u00e0 25 km de Rennes, en Ille-et-Vilaine, que na\u00eet Louis Jolif le 19 ao\u00fbt 1882. Il a un fr\u00e8re, Toussaint, n\u00e9 en 1873, qui fut missionnaire au Dahomey o\u00f9 il mourut.<\/p>\n<p>Louis fait ses \u00e9tudes secondaires \u00e0 Pont-Rousseau, puis \u00e0 Richelieu, pr\u00e8s de Clermont-Ferrand. En 1900, il entre au grand s\u00e9minaire \u00e0 Lyon,. Mais, c\u2019est au Caire qu\u2019on l\u2019envoie continuer sa th\u00e9ologie. Un an plus tard, il doit quitter l\u2019Egypte, car il y a contract\u00e9 la tuberculose, en soignant un s\u00e9minariste. Il rejoint donc, de nouveau le 150, o\u00f9 il prononce son serment missionnaire le 19 d\u00e9cembre 1902. Il est ordonn\u00e9 pr\u00eatre le 16 juillet 1905.<\/p>\n<p>En septembre de la m\u00eame ann\u00e9e, il est nomm\u00e9 professeur \u00e0 Pont-Rousseau et fait un s\u00e9jour \u00e0 Jersey, en 1907, pour soigner ses poumons, mais le climat lui est peu favorable et on le fait revenir \u00e0 Nantes.<\/p>\n<p>En 1919, \u00e0 37 ans, on le nomme directeur spirituel. Il s\u2019y pr\u00e9pare avec soin et pour mener \u00e0 bien cette d\u00e9licate responsabilit\u00e9, il n\u2019accepte aucune autre activit\u00e9 d\u2019enseignement ou de minist\u00e8re, les consid\u00e9rant incompatibles avec sa mission de spiritualit\u00e9 interne. Le p\u00e8re Chabert acc\u00e8de \u00e0 la volont\u00e9 du p\u00e8re Louis Jolif et demande au sup\u00e9rieur de Pont-Rousseau de ne lui imposer ni classe, ni surveillance. Durant les grandes vacances, le p\u00e8re garde des liens avec les \u00e9l\u00e8ves, par des feuilles de conseils, de nouvelles, d\u2019exhortations. Il r\u00e9dige des r\u00e8gles de vie pour ces temps de vacances, sur la vie de pi\u00e9t\u00e9, d\u2019activit\u00e9s, d\u2019apostolat, de correspondance avec lui, sur les devoirs de vacances. Programme exigeant. Il montre un esprit d\u00e9licat et affectueux dans ses relations avec les uns et les autres.<\/p>\n<p>Son fr\u00e8re Toussaint lui \u00e9crit le 5 mars 1937 et annonce son retour du Dahomey pour avril. Mais, fin mars, il d\u00e9c\u00e8de \u00e0 64 ans, \u00e0 la grande peine de Louis.<\/p>\n<p>La guerre survient. Le s\u00e9minaire de Pont-Rousseau subit l\u2019occupation et est r\u00e9quisitionn\u00e9. La communaut\u00e9 se d\u00e9place \u00e0 la rue du Ballet, \u00e0 Nantes. Le p\u00e8re Jolif y continue ses fonctions, second\u00e9 par les p\u00e8res Boulo, Th\u00e9paut, Gu\u00e9gaden. Un grand nombre de s\u00e9minaristes, 85 sur 120, s\u2019adressent \u00e0 lui pour la direction spirituelle. Il estime que le travail de spiritualit\u00e9, ainsi dispers\u00e9, ne respecte pas les r\u00e8gles du directoire.<\/p>\n<p>En ao\u00fbt 1943, il est nomm\u00e9 sup\u00e9rieur \u00e0 Martign\u00e9-Ferchaud. Il quitte donc Pont-Rousseau o\u00f9 il vient de passer 38 ans.<\/p>\n<p>En ao\u00fbt 1946, il re\u00e7oit une lettre du p\u00e8re Boucheix, provincial. Il est nomm\u00e9 aum\u00f4nier des s\u0153urs de Notre-Dame des Ap\u00f4tres \u00e0 V\u00e9nissieux. Le p\u00e8re Jolif r\u00e9pond en expliquant sa situation actuelle. Mais il est pr\u00eat \u00e0 ob\u00e9ir. Cette nouvelle nomination ne l\u2019enchante gu\u00e8re.<\/p>\n<p>Il ne restera qu\u2019un an \u00e0 V\u00e9nissieux. En 1947, le p\u00e8re est affect\u00e9 \u00e0 La Croix-Valmer, \u00e0 65 ans. Il n\u2019imagine pas que son s\u00e9jour durera 21 ans. Il le passe dans un esprit de d\u00e9licatesse, de service, de d\u00e9vouement, selon les al\u00e9as de sa sant\u00e9 toujours pr\u00e9caire. En 1965, il f\u00eate son jubil\u00e9 de diamant, ses 60 ans de sacerdoce, \u00e0 La Croix-Valmer.<\/p>\n<p>C\u2019est 3 ans plus tard, le 20 avril 1968, que le p\u00e8re Jolif remet son \u00e2me au Seigneur et on l\u2019inhume au caveau de La Croix-Valmer.<\/p>\n<p>Sa vie, tout enti\u00e8re pass\u00e9e en France, avec, pour compagne, une pernicieuse maladie, il l\u2019a vou\u00e9e \u00e0 la formation, \u00e0 l\u2019\u00e9ducation, \u00e0 la direction spirituelle de nombreux \u00e9l\u00e8ves, dont beaucoup de futurs missionnaires en qui il a sem\u00e9 des racines profondes de foi, d\u2019engagement \u00e0 la mission, de fid\u00e9lit\u00e9.<\/p>\n","protected":false},"excerpt":{"rendered":"<p>Soci\u00e9t\u00e9 des Missions Africaines \u2013Province de Lyon n\u00e9 le 19 ao\u00fbt 1882 \u00e0 Andouille-Neuvilledans le dioc\u00e8se de Rennes, Francemembre de la SMA le 19 d\u00e9cembre 1902pr\u00eatre le 16 juillet&#8230;<\/p>\n","protected":false},"author":1,"featured_media":1491,"comment_status":"open","ping_status":"open","sticky":false,"template":"","format":"standard","meta":{"footnotes":""},"categories":[3],"tags":[],"class_list":["post-1492","post","type-post","status-publish","format-standard","has-post-thumbnail","hentry","category-necrologe-sma"],"_links":{"self":[{"href":"https:\/\/www.defunts.smainternational.site\/index.php?rest_route=\/wp\/v2\/posts\/1492","targetHints":{"allow":["GET"]}}],"collection":[{"href":"https:\/\/www.defunts.smainternational.site\/index.php?rest_route=\/wp\/v2\/posts"}],"about":[{"href":"https:\/\/www.defunts.smainternational.site\/index.php?rest_route=\/wp\/v2\/types\/post"}],"author":[{"embeddable":true,"href":"https:\/\/www.defunts.smainternational.site\/index.php?rest_route=\/wp\/v2\/users\/1"}],"replies":[{"embeddable":true,"href":"https:\/\/www.defunts.smainternational.site\/index.php?rest_route=%2Fwp%2Fv2%2Fcomments&post=1492"}],"version-history":[{"count":0,"href":"https:\/\/www.defunts.smainternational.site\/index.php?rest_route=\/wp\/v2\/posts\/1492\/revisions"}],"wp:featuredmedia":[{"embeddable":true,"href":"https:\/\/www.defunts.smainternational.site\/index.php?rest_route=\/wp\/v2\/media\/1491"}],"wp:attachment":[{"href":"https:\/\/www.defunts.smainternational.site\/index.php?rest_route=%2Fwp%2Fv2%2Fmedia&parent=1492"}],"wp:term":[{"taxonomy":"category","embeddable":true,"href":"https:\/\/www.defunts.smainternational.site\/index.php?rest_route=%2Fwp%2Fv2%2Fcategories&post=1492"},{"taxonomy":"post_tag","embeddable":true,"href":"https:\/\/www.defunts.smainternational.site\/index.php?rest_route=%2Fwp%2Fv2%2Ftags&post=1492"}],"curies":[{"name":"wp","href":"https:\/\/api.w.org\/{rel}","templated":true}]}}