{"id":1522,"date":"2015-03-11T18:49:50","date_gmt":"2015-03-11T18:49:50","guid":{"rendered":"https:\/\/bkpdefunts.smainternational.info\/?p=1522"},"modified":"2015-03-11T18:49:50","modified_gmt":"2015-03-11T18:49:50","slug":"le-pere-pierre-vacher","status":"publish","type":"post","link":"https:\/\/www.defunts.smainternational.site\/?p=1522","title":{"rendered":"Le P\u00e8re Pierre VACHER"},"content":{"rendered":"<p><strong>Soci\u00e9t\u00e9 des Missions Africaines<\/strong> <\/p>\n<table style=\"height: 17px; width: 1025px;\">\n<tbody>\n<tr>\n<td><img loading=\"lazy\" decoding=\"async\" class=\" size-full wp-image-1521\" src=\"https:\/\/www.defunts.smainternational.site\/wp-content\/uploads\/2015\/03\/VACHER_Pierre.jpg\" alt=\"VACHER Pierre\" width=\"113\" height=\"140\" \/><\/td>\n<td>n\u00e9 le 2 juin 1844 \u00e0 Aix<br \/>dans le dioc\u00e8se de Tulle, France<br \/>membre de la SMA le 23 ao\u00fbt 1870<br \/>pr\u00eatre le 28 ao\u00fbt 1871<br \/>d\u00e9c\u00e9d\u00e9 le 23 avril 1873<\/td>\n<td>\n<p>1871 missionnaire en Alg\u00e9rie<br \/>1872 missionnaire au Dahomey<br \/>Porto-Novo<\/p>\n<p>d\u00e9c\u00e9d\u00e9 \u00e0 Porto-Novo, Dahomey, le 23 avril 1873,<br \/>\u00e0 l&rsquo;\u00e2ge de 29 ans<\/p>\n<\/td>\n<\/tr>\n<\/tbody>\n<\/table>\n<p>Le p\u00e8re Pierre VACHER (1844 &#8211; 1873)<\/p>\n<p>A Porto-Novo, le 23 avril 1873, retour \u00e0 Dieu du p\u00e8re Pierre Vacher, \u00e0 l&rsquo;\u00e2ge de 29 ans.<\/p>\n<p>N\u00e9 en 1844 dans le dioc\u00e8se de Tulle, \u00e0 Aix (Corr\u00e8ze), Pierre Vacher fit ses \u00e9tudes dans son dioc\u00e8se et celui de Moulins. Entr\u00e9 aux Missions Africaines, il fit le serment en 1870 et fut ordonn\u00e9 pr\u00eatre le 28 ao\u00fbt 1871. Il est d&rsquo;abord mis au service de Mgr Lavigerie, mais pour peu de temps, et en janvier 1872 il prenait le chemin du vicariat de la C\u00f4te du B\u00e9nin. Affect\u00e9 \u00e0 Porto-Novo, il se d\u00e9voue sans compter; il est tr\u00e8s vite \u00e9puis\u00e9 par le travail et par les fi\u00e8vres.<\/p>\n<p>Le p\u00e8re Vacher cachait, sous une \u00e9corce rude en apparence, l&rsquo;ob\u00e9issance la plus parfaite et le d\u00e9vouement le plus complet.<\/p>\n","protected":false},"excerpt":{"rendered":"<p>Soci\u00e9t\u00e9 des Missions Africaines n\u00e9 le 2 juin 1844 \u00e0 Aixdans le dioc\u00e8se de Tulle, Francemembre de la SMA le 23 ao\u00fbt 1870pr\u00eatre le 28 ao\u00fbt 1871d\u00e9c\u00e9d\u00e9 le 23&#8230;<\/p>\n","protected":false},"author":1,"featured_media":1521,"comment_status":"open","ping_status":"open","sticky":false,"template":"","format":"standard","meta":{"footnotes":""},"categories":[3],"tags":[],"class_list":["post-1522","post","type-post","status-publish","format-standard","has-post-thumbnail","hentry","category-necrologe-sma"],"_links":{"self":[{"href":"https:\/\/www.defunts.smainternational.site\/index.php?rest_route=\/wp\/v2\/posts\/1522","targetHints":{"allow":["GET"]}}],"collection":[{"href":"https:\/\/www.defunts.smainternational.site\/index.php?rest_route=\/wp\/v2\/posts"}],"about":[{"href":"https:\/\/www.defunts.smainternational.site\/index.php?rest_route=\/wp\/v2\/types\/post"}],"author":[{"embeddable":true,"href":"https:\/\/www.defunts.smainternational.site\/index.php?rest_route=\/wp\/v2\/users\/1"}],"replies":[{"embeddable":true,"href":"https:\/\/www.defunts.smainternational.site\/index.php?rest_route=%2Fwp%2Fv2%2Fcomments&post=1522"}],"version-history":[{"count":0,"href":"https:\/\/www.defunts.smainternational.site\/index.php?rest_route=\/wp\/v2\/posts\/1522\/revisions"}],"wp:featuredmedia":[{"embeddable":true,"href":"https:\/\/www.defunts.smainternational.site\/index.php?rest_route=\/wp\/v2\/media\/1521"}],"wp:attachment":[{"href":"https:\/\/www.defunts.smainternational.site\/index.php?rest_route=%2Fwp%2Fv2%2Fmedia&parent=1522"}],"wp:term":[{"taxonomy":"category","embeddable":true,"href":"https:\/\/www.defunts.smainternational.site\/index.php?rest_route=%2Fwp%2Fv2%2Fcategories&post=1522"},{"taxonomy":"post_tag","embeddable":true,"href":"https:\/\/www.defunts.smainternational.site\/index.php?rest_route=%2Fwp%2Fv2%2Ftags&post=1522"}],"curies":[{"name":"wp","href":"https:\/\/api.w.org\/{rel}","templated":true}]}}