{"id":1556,"date":"2015-03-12T08:38:46","date_gmt":"2015-03-12T08:38:46","guid":{"rendered":"https:\/\/bkpdefunts.smainternational.info\/?p=1556"},"modified":"2015-03-12T08:38:46","modified_gmt":"2015-03-12T08:38:46","slug":"le-pere-bernard-van-den-berg","status":"publish","type":"post","link":"https:\/\/www.defunts.smainternational.site\/?p=1556","title":{"rendered":"Le P\u00e8re Bernard van den BERG"},"content":{"rendered":"<p><strong>Soci\u00e9t\u00e9 des Missions Africaines \u2013Province de Hollande<\/strong><\/p>\n<table style=\"height: 17px; width: 1045px;\">\n<tbody>\n<tr>\n<td><img loading=\"lazy\" decoding=\"async\" class=\" size-full wp-image-1555\" src=\"https:\/\/www.defunts.smainternational.site\/wp-content\/uploads\/2015\/03\/BERG_Bernard_van_den.jpg\" alt=\"BERG Bernard van den\" width=\"113\" height=\"141\" \/><\/td>\n<td>n\u00e9 le 7 janvier 1909 \u00e0 Moergestel<br \/>dans le dioc\u00e8se de &lsquo;s-Hertogenbosch, Hollande<br \/>membre de la SMA le 19 d\u00e9cembre 1930<br \/>pr\u00eatre le 26 mai 1934<br \/>d\u00e9c\u00e9d\u00e9 le 26 avril 1966<\/td>\n<td>\n<p>1934-1935 Blitterswijck, responsable du magazine<br \/>1935-1952 Cadier en Keer, professeur d\u2019histoire<br \/>1952-1959 Verviers, Belgique, vicaire<br \/>1959-1966 Kerkom, Belgique, cur\u00e9<\/p>\n<p>d\u00e9c\u00e9d\u00e9 \u00e0 Saint-Truiden, Belgique, le 26 avril 1966,<br \/>\u00e0 l&rsquo;\u00e2ge de 57 ans<\/p>\n<\/td>\n<\/tr>\n<\/tbody>\n<\/table>\n<p>Pater Bernard van den BERG (1909 &#8211; 1966)<\/p>\n<p>Afkomst.<\/p>\n<p>Bernardus Johannes van den Berg, zoon van Johannes van den Berg en Petronella Grijsbach, werd geboren te Moergestel op 7 januari 1909 en daags erna gedoopt in de parochiekerk van St. Johannes-Onthoofding.<\/p>\n<p>Opleiding.<\/p>\n<p>Na de lagere school ging Bernard als twaalfjarige jongen naar het seminarie van de S.M.A. te Cadier en Keer, waar hij zijn middelbare opleiding genoot. Op 1 oktober 1927 ging hij naar Chanly in Belgi\u00eb voor de twee-jarige cursus philosophie, tevens proeftijd voor de aspirant SMA kandidaten. Voor Bernard van den Berg werden het echter drie jaar, omdat hij zijn studie voor tien maanden moest onderbreken wegens ziekte (&lsquo;qui per 10 menses anni 1929 in nosocomio loci Eindhoven commoratus est&rsquo;: dit was, om precies te zijn, het sanatorium te Son).<\/p>\n<p>In 1930 ging hij naar Hastings, want hij was door de Keurings\u00acraad te Rotter\u00acdam goedgekeurd (\u00ab\u00a0geschikt voor alle missiege\u00acbie\u00acden\u00a0\u00bb). Op 19 december 1930 werd hij daarom ook toegelaten tot lid van de Soci\u00ebteit door de aflegging van de eed. Daags erna ontving hij de kruin\u00acsche\u00acring. Toch moest hij voor zijn subdiakonaatswijding uitgesteld worden wegens gezondheidsre\u00acdenen. Hij werd ook bijna een half jaar na zijn klas, op 26 mei 1934, priester gewijd te Wonersh in Engeland door Mgr. Amigo.<\/p>\n<p>Missionaris \/ leraar.<\/p>\n<p>Vanwege zijn gezondheid werd pater van den Berg benoemd voor het broederhuis te Blitterswijck, waar hij belast werd met de administratie van de tijdschriften van de Soci\u00ebteit. In juli 1935 kreeg hij een brief van de provinciaal, waarin we lezen:<br \/> \u00ab\u00a0Met het oog op een mogelijke verandering van werkkring zou het goed zijn u nogmaals medisch te laten onderzoe\u00acken, speciaal voor wat den toestand der longen aangaat. Ik ben wel overtuigd dat alles best in orde is, maar het is toch beter daaromtrent zekerheid te hebben\u00a0\u00bb.<br \/>Het was toen bij de leden nog niet bekend dat de sluiting van het huis te Blitterswijck, mede vanwege de erbarmelijke finan\u00acci\u00eble toestand van de Soci\u00ebteit in Nederland, in voorberei\u00acding was.<\/p>\n<p>Dr. Maarseveen van het consultatiebureau te Venlo was te spreken over de toestand van de longen.<br \/> \u00ab\u00a0Het is wel gewenscht, dat de pater onder halfjaarlijkse controle blijft. M.i. is er geen bezwaar dat pater v.d. Berg lessen geeft, in den aanvang voor plm. 3 \u00e1 4 uur per dag, na verloop van tijd opklimmend tot de volle dag\u00actaak\u00a0\u00bb.<\/p>\n<p>In september 1935 begon pater Bernard van den Berg (door collega&rsquo;s dikwijls &lsquo;Bik&rsquo; ofwel &lsquo;Bikkie&rsquo; genoemd) als surveil\u00aclant in het missie\u00achuis te Cadier en Keer. In februari 1936 werd hij benoemd tot leraar geschiede\u00acnis. Het bleef echter kwakkelen met zijn gezondheid en meerdere keren heeft hij zijn programma wegens ziekte moeten onderbreken. In latere jaren werd dat wat beter. Enkele jaren was hij tevens belast met de opvoering van toneelstukken door de studenten.<\/p>\n<p>In 1941 heeft hij een ver\u00aczoek ingediend bij het provinciale bestuur om geschiedenis te mogen studeren. Het antwoord van het bestuur was:<br \/> \u00ab\u00a0Het voorstel in zich is toe te juichen. Op het ogenblik echter achten wij het wenselijk er niet op in te gaan, aangezien het twijfelachtig is of wij U als leraar zullen kunnen handhaven wegens het door U niet voldoende trouw onderhouden van het reglement\u00a0\u00bb.<br \/>Volgens de toenmalige normen was hij te losbandig in de ogen van staf en bestuur. Zijn twee dagen te laat terugkomen van vakantie zonder de overste te waarschuwen, bij voorbeeld, werd hoog opgenomen. Ook de studenten hadden wel eens hun twijfels hoe deze gemoe\u00acdelijk vertellende geschiede\u00acnisleraar, met een hees keelgeluid en een grote sigaar in de mond, hun schrifte\u00aclijke proefwerken allemaal even serieus had nagekeken. Hij was goedig en vrolijk en leek het leven gemakkelijk te nemen, zonder te veel inspanning en problemen. Hij had hierbij een rijke fantasie, waar de studenten in zijn klassen ook dikwijls van konden meegenieten.<\/p>\n<p>In 1951 werd hij te Tilburg opgenomen in het ziekenhuis, waar zijn amandelen verwijderd werden. Hij maakte het niet goed in die tijd. Het klikte niet tussen hem en het bestuur van het semina\u00acrie: ze leefden blijkbaar in twee totaal verschillende werel\u00acden. Deze gespannenheid heeft hem blijkbaar dieper ge\u00actroffen dan werd vermoed: het bracht hem aan de rand van overspannen\u00acheid. Hij vond, tenslotte, rust in zijn geboorte\u00acdorp Moerge\u00acstel, waar hij tevens voor enige tijd kapelaan werd.<\/p>\n<p>In 1954 werd pater van den Berg kapelaan te Verviers in Belgi\u00eb en in 1959 pastoor van de landelijke en rustige St. Marti\u00acnuspa\u00acrochie te Kerkom, in de nabijheid van pater J. Aalbers, waarmee hij als colle\u00acga-leraar te Keer bevriend was geraakt en die nu pastoor was in een nabuurparochie.<\/p>\n<p>In de pastoraal en met name in zijn omgang met de mensen daar schijnt hij zijn voldoening gevonden te hebben. Volgens het gedachtenisprentje, was zijn pastorie een open huis. Rustig en kalm, optimistisch en ongekun\u00acsteld, doch ook vertrouwvol berustend en met bewonderenswaardige gelatenheid heeft hij daar geleefd en gewerkt. Lichamelijk ongemak en lijden was nooit ver weg. In maart 1961 is hij in de St. Salvator kliniek te Hasselt behandeld voor zijn ogen. Het rechteroog was voor 80% verloren. Ook het linkeroog was reeds aangetast en dat probeerde men daar te behouden. Toos van Haperen uit Roosen-daal heeft hem tot aan zijn dood bijgestaan in de huis\u00achou\u00acding.<\/p>\n<p>Gestorven.<\/p>\n<p>Op 13 maart 1966 kreeg pater Bernard van den Berg een zware hartaanval en werd met spoed opgenomen in het ziekenhuis te St. Truiden, waar zijn vriend Jos Aalbers hem het sacrament der zieken toediende. Heel langzaam knapte hij weer op en kreeg permissie om na zes weken, op woensdag 27 april, terug te gaan naar zijn parochie te Kerkom. Doch de avond ervoor kreeg hij een tweede hartaanval en was binnen een kwartier overleden. Hij werd slechts 57 jaar.<\/p>\n<p>Op vrijdagavond 27 april 1961 werd een plechtige rouwdienst gehouden in zijn geboorteplaats Moergestel. De solemnele uitvaart\u00acdienst vond plaats in zijn pas gerestoreerde parochie\u00ackerk te Kerkom, waarin de deken van St. Truyden voorging, geassisteerd door provinciaal Florack en (oorspronkelijke) klasgenoot Harrie van Nuland. Na de absoute in de kerk werd het lichaam overgebracht naar het missiehuis te Cadier en Keer, waar het werd begraven naast de andere overleden Soci\u00acteitsleden.<\/p>\n<p>Bronnen:<br \/>&#8211; Archief Nederl. Provincie S.M.A., Cadier en Keer.<br \/>&#8211; J. v.d. Kooij in &lsquo;Afrika Ontwaakt&rsquo; 1967, pg. 50<br \/>&#8211; J. ter Linden in &lsquo;Onze Krant&rsquo; juni 1966.<\/p>\n","protected":false},"excerpt":{"rendered":"<p>Soci\u00e9t\u00e9 des Missions Africaines \u2013Province de Hollande n\u00e9 le 7 janvier 1909 \u00e0 Moergesteldans le dioc\u00e8se de &lsquo;s-Hertogenbosch, Hollandemembre de la SMA le 19 d\u00e9cembre 1930pr\u00eatre le 26 mai&#8230;<\/p>\n","protected":false},"author":1,"featured_media":1555,"comment_status":"open","ping_status":"open","sticky":false,"template":"","format":"standard","meta":{"footnotes":""},"categories":[3],"tags":[],"class_list":["post-1556","post","type-post","status-publish","format-standard","has-post-thumbnail","hentry","category-necrologe-sma"],"_links":{"self":[{"href":"https:\/\/www.defunts.smainternational.site\/index.php?rest_route=\/wp\/v2\/posts\/1556","targetHints":{"allow":["GET"]}}],"collection":[{"href":"https:\/\/www.defunts.smainternational.site\/index.php?rest_route=\/wp\/v2\/posts"}],"about":[{"href":"https:\/\/www.defunts.smainternational.site\/index.php?rest_route=\/wp\/v2\/types\/post"}],"author":[{"embeddable":true,"href":"https:\/\/www.defunts.smainternational.site\/index.php?rest_route=\/wp\/v2\/users\/1"}],"replies":[{"embeddable":true,"href":"https:\/\/www.defunts.smainternational.site\/index.php?rest_route=%2Fwp%2Fv2%2Fcomments&post=1556"}],"version-history":[{"count":0,"href":"https:\/\/www.defunts.smainternational.site\/index.php?rest_route=\/wp\/v2\/posts\/1556\/revisions"}],"wp:featuredmedia":[{"embeddable":true,"href":"https:\/\/www.defunts.smainternational.site\/index.php?rest_route=\/wp\/v2\/media\/1555"}],"wp:attachment":[{"href":"https:\/\/www.defunts.smainternational.site\/index.php?rest_route=%2Fwp%2Fv2%2Fmedia&parent=1556"}],"wp:term":[{"taxonomy":"category","embeddable":true,"href":"https:\/\/www.defunts.smainternational.site\/index.php?rest_route=%2Fwp%2Fv2%2Fcategories&post=1556"},{"taxonomy":"post_tag","embeddable":true,"href":"https:\/\/www.defunts.smainternational.site\/index.php?rest_route=%2Fwp%2Fv2%2Ftags&post=1556"}],"curies":[{"name":"wp","href":"https:\/\/api.w.org\/{rel}","templated":true}]}}