{"id":1572,"date":"2015-03-12T09:18:39","date_gmt":"2015-03-12T09:18:39","guid":{"rendered":"https:\/\/bkpdefunts.smainternational.info\/?p=1572"},"modified":"2015-03-12T09:18:39","modified_gmt":"2015-03-12T09:18:39","slug":"le-pere-philibert-courdioux","status":"publish","type":"post","link":"https:\/\/www.defunts.smainternational.site\/?p=1572","title":{"rendered":"Le P\u00e8re Philibert COURDIOUX"},"content":{"rendered":"<p><strong>Soci\u00e9t\u00e9 des Missions Africaines<\/strong><\/p>\n<table style=\"height: 17px; width: 1034px;\">\n<tbody>\n<tr>\n<td><img loading=\"lazy\" decoding=\"async\" class=\" size-full wp-image-1571\" src=\"https:\/\/www.defunts.smainternational.site\/wp-content\/uploads\/2015\/03\/COURDIOUX_Philibert.jpg\" alt=\"COURDIOUX Philibert\" width=\"113\" height=\"141\" \/><\/td>\n<td>n\u00e9 le 30 juillet 1838 \u00e0 Ch\u00e2lon-sur-Sa\u00f4ne<br \/>dans le dioc\u00e8se d&rsquo;Autun (France)<br \/>r\u00e9solution solennelle le 9 septembre 1861<br \/>pr\u00eatre le 25 ao\u00fbt 1861<br \/>d\u00e9c\u00e9d\u00e9 le 27 avril 1898<\/td>\n<td>\n<p>1861-1872 missionnaire au Dahomey<br \/>1872-1875 Clermont, puis le dioc\u00e8se d&rsquo;Oran<br \/>1875-1898 incardin\u00e9 dans le dioc\u00e8se de Lyon<br \/>depuis 1882 cur\u00e9 \u00e0 Saint-Louis de la Guilloti\u00e8re<\/p>\n<p>d\u00e9c\u00e9d\u00e9 \u00e0 Lyon, France, le 27 avril 1898,<br \/>\u00e0 l\u2019\u00e2ge de 60 ans<\/p>\n<\/td>\n<\/tr>\n<\/tbody>\n<\/table>\n<p>Le p\u00e8re Philibert COURDIOUX (1838 &#8211; 1898)<\/p>\n<p>A Lyon, le 27 avril 1898, retour \u00e0 Dieu du p\u00e8re Philibert Courdioux, \u00e0 l&rsquo;\u00e2ge de 60 ans.<\/p>\n<p>Philibert Courdioux naquit \u00e0 Chalon-sur-Sa\u00f4ne, dans le dioc\u00e8se d&rsquo;Autun, en 1838. Il fit ses \u00e9tudes au petit s\u00e9minaire Saint-Jean, \u00e0 Lyon, et fut admis aux Missions Africaines par Mgr de Br\u00e9sillac, le 25 septembre 1858. Ordonn\u00e9 pr\u00eatre le 25 ao\u00fbt 1861, il faisait sa r\u00e9solution solennelle le 9 octobre suivant. Le 11 mars 1859, notre fondateur \u00e9crivait au p\u00e8re Planque: \u00ab\u00a0Avertissez le bon p\u00e8re Courdioux et encouragez-le en m\u00eame temps, car il y a \u00e9toffe \u00e0 faire de lui excellent missionnaire.\u00a0\u00bb Le 9 octobre 1861, avec M. Cloud, sous-diacre, le p\u00e8re Courdioux quittait Lyon pour Brest, o\u00f9 peu apr\u00e8s il s&#8217;embarquait pour le Dahomey. Les deux missionnaires firent une petite escale \u00e0 Freetown et, le 11 d\u00e9cembre 1861, ils arrivaient \u00e0 Ouidah. Le p\u00e8re Courdioux fut charg\u00e9 de l&rsquo;\u00e9cole, \u00e9tant lui-m\u00eame, comme la plupart des missionnaires, instituteur.<\/p>\n<p>Le p\u00e8re Courdioux a beaucoup \u00e9crit et nous a laiss\u00e9 son journal et coutumier. Il fut sup\u00e9rieur d\u00e9l\u00e9gu\u00e9 du p\u00e8re Borghero de janvier 1865 \u00e0 avril 1866, ann\u00e9e o\u00f9 il rentre en France pour refaire sa sant\u00e9. Son sup\u00e9riorat commen\u00e7a dans l&rsquo;\u00e9preuve, car il dut \u00e9vacuer le fort portugais. Le p\u00e8re Borghero s&rsquo;y \u00e9tait install\u00e9 avec toutes les permissions requises, avait remis la maison en \u00e9tat ainsi que la chapelle bien d\u00e9labr\u00e9e, et tout cela avait co\u00fbt\u00e9 fort cher. A la suite de bien des tracasseries fort embrouill\u00e9es, le p\u00e8re Courdioux re\u00e7oit l&rsquo;ordre de quitter le fort. Il re\u00e7ut l&rsquo;hospitalit\u00e9 chez un chr\u00e9tien, M. Montero, et dut recommencer \u00e0 grands frais une nouvelle installation. Le gouverneur de San-Tom\u00e9 envoya \u00e0 Ouidah une nouvelle garnison et un aum\u00f4nier qui baptisera non seulement les gens d\u00e9pendant du fort portugais, mais aussi les autres. Tout cela compliquait fort le minist\u00e8re des p\u00e8res et il y eut \u00e0 cette \u00e9poque bien des querelles de juridiction.<\/p>\n<p>Apr\u00e8s son cong\u00e9 en Europe en 1867, le p\u00e8re Courdioux est de retour dans la mission. Il d\u00e9cide alors la fondation de Lagos o\u00f9 il envoie le p\u00e8re Bouche. Il voyage dans la r\u00e9gion d&rsquo;Agou\u00e9 et y fait plusieurs bapt\u00eames. En 1872, le p\u00e8re Courdioux rentre en France, passe quelque temps \u00e0 Clermont, puis \u00e0 M&rsquo;Sylla dans le dioc\u00e8se d&rsquo;Oran, et en 1875 quitte la Soci\u00e9t\u00e9. Il occupe divers postes dans l&rsquo;archidioc\u00e8se de Lyon et, en 1882, devient cur\u00e9 archipr\u00eatre de Notre-Dame de Saint-Louis de la Guilloti\u00e8re, paroisse des Missions Africaines. Le p\u00e8re Planque aura parfois \u00e0 souffrir de cette proximit\u00e9. Le p\u00e8re Courdioux mourut en son presbyt\u00e8re.<\/p>\n","protected":false},"excerpt":{"rendered":"<p>Soci\u00e9t\u00e9 des Missions Africaines n\u00e9 le 30 juillet 1838 \u00e0 Ch\u00e2lon-sur-Sa\u00f4nedans le dioc\u00e8se d&rsquo;Autun (France)r\u00e9solution solennelle le 9 septembre 1861pr\u00eatre le 25 ao\u00fbt 1861d\u00e9c\u00e9d\u00e9 le 27 avril 1898 1861-1872&#8230;<\/p>\n","protected":false},"author":1,"featured_media":1571,"comment_status":"open","ping_status":"open","sticky":false,"template":"","format":"standard","meta":{"footnotes":""},"categories":[3],"tags":[],"class_list":["post-1572","post","type-post","status-publish","format-standard","has-post-thumbnail","hentry","category-necrologe-sma"],"_links":{"self":[{"href":"https:\/\/www.defunts.smainternational.site\/index.php?rest_route=\/wp\/v2\/posts\/1572","targetHints":{"allow":["GET"]}}],"collection":[{"href":"https:\/\/www.defunts.smainternational.site\/index.php?rest_route=\/wp\/v2\/posts"}],"about":[{"href":"https:\/\/www.defunts.smainternational.site\/index.php?rest_route=\/wp\/v2\/types\/post"}],"author":[{"embeddable":true,"href":"https:\/\/www.defunts.smainternational.site\/index.php?rest_route=\/wp\/v2\/users\/1"}],"replies":[{"embeddable":true,"href":"https:\/\/www.defunts.smainternational.site\/index.php?rest_route=%2Fwp%2Fv2%2Fcomments&post=1572"}],"version-history":[{"count":0,"href":"https:\/\/www.defunts.smainternational.site\/index.php?rest_route=\/wp\/v2\/posts\/1572\/revisions"}],"wp:featuredmedia":[{"embeddable":true,"href":"https:\/\/www.defunts.smainternational.site\/index.php?rest_route=\/wp\/v2\/media\/1571"}],"wp:attachment":[{"href":"https:\/\/www.defunts.smainternational.site\/index.php?rest_route=%2Fwp%2Fv2%2Fmedia&parent=1572"}],"wp:term":[{"taxonomy":"category","embeddable":true,"href":"https:\/\/www.defunts.smainternational.site\/index.php?rest_route=%2Fwp%2Fv2%2Fcategories&post=1572"},{"taxonomy":"post_tag","embeddable":true,"href":"https:\/\/www.defunts.smainternational.site\/index.php?rest_route=%2Fwp%2Fv2%2Ftags&post=1572"}],"curies":[{"name":"wp","href":"https:\/\/api.w.org\/{rel}","templated":true}]}}