{"id":1740,"date":"2015-04-08T14:36:06","date_gmt":"2015-04-08T14:36:06","guid":{"rendered":"https:\/\/bkpdefunts.smainternational.info\/?p=1740"},"modified":"2015-04-08T14:36:06","modified_gmt":"2015-04-08T14:36:06","slug":"monseigneur-matthieu-ray","status":"publish","type":"post","link":"https:\/\/www.defunts.smainternational.site\/?p=1740","title":{"rendered":"Monseigneur Matthieu RAY"},"content":{"rendered":"<p><strong>Soci\u00e9t\u00e9 des Missions Africaines<\/strong> <\/p>\n<table style=\"height: 17px; width: 1051px;\">\n<tbody>\n<tr>\n<td><img loading=\"lazy\" decoding=\"async\" class=\" size-full wp-image-1739\" src=\"https:\/\/www.defunts.smainternational.site\/wp-content\/uploads\/2015\/04\/RAY_Mathieu_Mgr.jpg\" alt=\"RAY Mathieu Mgr\" width=\"113\" height=\"141\" \/><\/td>\n<td>n\u00e9 le 9 avril 1848 \u00e0 Saint-Hilaire-la-Croix<br \/>dans le dioc\u00e8se de Clermont-Ferrand (France)<br \/>membre de la SMA en 1873<br \/>pr\u00eatre le 3 juillet 1875<br \/>pr\u00e9fet apostolique le 28 juin 1895<br \/>d\u00e9c\u00e9d\u00e9 le 13 mai 1899<\/td>\n<td>\n<p>1876-1880 ? missionnaire au Cap de Bonne Esp\u00e9rance<br \/>1880 ?-1884 missionnaire \u00e0 la C\u00f4te du B\u00e9nin<br \/>1885 repos<br \/>1886-1888 Bugedo, Espagne<br \/>1888-1894 missionnaire \u00e0 la C\u00f4te du B\u00e9nin<br \/>1894-1895 conseiller g\u00e9n\u00e9ral<br \/>1895-1899 missionnaire en c\u00f4te d\u2019Ivoire<br \/>et pr\u00e9fet apostolique de C\u00f4te d\u2019Ivoire<\/p>\n<p>d\u00e9c\u00e9d\u00e9 \u00e0 Grand-Bassam, C\u00f4te-d&rsquo;Ivoire, le 13 mai 1899,<br \/>\u00e0 l&rsquo;\u00e2ge de 51 ans<\/p>\n<\/td>\n<\/tr>\n<\/tbody>\n<\/table>\n<p>Monseigneur Mathieu RAY (1848 &#8211; 1899)<\/p>\n<p>Mathieu Ray est n\u00e9 \u00e0 Saint-Hilaire-La-Croix, dans le dioc\u00e8se de Clermont-Ferrand, le 9 avril 1848. Sa correspondance montre qu\u2019il a au moins deux s\u0153urs religieuses, et deux fr\u00e8res, dont l\u2019un deviendra pr\u00eatre dioc\u00e9sain. Il commence ses \u00e9tudes au petit s\u00e9minaire de Cellule, puis les continue \u00e0 Riom et \u00e0 Billom avant d\u2019entrer au grand s\u00e9minaire de Clermont. Il est admis aux Missions Africaines en 1872, prononce son serment en 1873 et est ordonn\u00e9 pr\u00eatre le 3 juillet 1875.<\/p>\n<p>Voici comment il raconte la pr\u00e9paration de son ordination dans une lettre \u00e0 son oncle et \u00e0 sa tante. Me voil\u00e0 pr\u00eatre ! Oui et pour l\u2019\u00e9ternit\u00e9 ! Quelle ne fut pas ma surprise et ma joie, lorsque, le vendredi 25 juin, monsieur le directeur frappait \u00e0 ma porte et me disait : vous allez vous mettre en retraite pour aller recevoir le sous-diaconat au grand s\u00e9minaire mardi prochain, f\u00eate de Saint-Pierre et Saint-Paul ; mais ce n\u2019est pas tout, vous continuerez votre retraite jusqu\u2019\u00e0 dimanche pour recevoir le diaconat le samedi, f\u00eate de Saint-Ir\u00e9n\u00e9e, patron du dioc\u00e8se, et dimanche la pr\u00eatrise. Je restais stup\u00e9fait\u2026 J\u2019ai re\u00e7u le sous-diaconat et le diaconat dans la chapelle du grand s\u00e9minaire de Lyon \u00e0 6 heures du matin, et la pr\u00eatrise au grand s\u00e9minaire des Missions Africaines \u00e0 7 heures\u2026 C\u2019eut \u00e9t\u00e9 pour moi une consolation bien grande que celle de vous sentir \u00e0 mes c\u00f4t\u00e9s dans une circonstance les plus solennelles de ma vie, mais Dieu ne l\u2019a pas voulu (mardi 6 juillet 1875).<\/p>\n<p>D\u00e9but 1876, apr\u00e8s quelques mois en France, le p\u00e8re Ray est envoy\u00e9 en mission au Cap de Bonne Esp\u00e9rance. Il va y rester pr\u00e8s de 6 ans. On sait tr\u00e8s peu de choses sur son travail missionnaire. Une lettre, dat\u00e9e de 1877, est envoy\u00e9e depuis Oudtshoorn, petite ville situ\u00e9e \u00e0 400 km \u00e0 l\u2019est du Cap, sans doute son lieu de r\u00e9sidence. En 1882, il rentre en France, en compagnie de tous ses confr\u00e8res des Missions Africaines, car la Mission du Cap vient d\u2019\u00eatre confi\u00e9e, d\u00e9sormais, aux p\u00e8res Spiritains.<\/p>\n<p>Apr\u00e8s quelques mois de repos en France, il part pour le vicariat apostolique de la C\u00f4te du B\u00e9nin. On sait qu\u2019il travailla \u00e0 Lagos o\u00f9 il fit merveille par son \u00e9loquence. Mais il doit rentrer en France, pour raison de sant\u00e9, au d\u00e9but de l\u2019ann\u00e9e 1885.<\/p>\n<p>Alors qu\u2019il pr\u00e9pare son retour pour la C\u00f4te du B\u00e9nin, le p\u00e8re Planque le nomme sup\u00e9rieur de la maison de formation Sainte-Marie de Bugedo, dans la province de Burgos, en Espagne. Il y a des r\u00e9formes urgentes \u00e0 op\u00e9rer, soit sous le rapport des relations avec les gens du village, soit dans la marche des \u00e9tudes \u00e0 l\u2019int\u00e9rieur. Ce seront pour lui des ann\u00e9es difficiles, au cours desquelles il essaiera de ramener la paix.<br \/>En octobre 1888, la d\u00e9cision est prise de le renvoyer sur la C\u00f4te du B\u00e9nin. Il se retrouve sous la responsabilit\u00e9 de monseigneur Chausse. Une lettre dat\u00e9e de 1891 permet de savoir qu\u2019il r\u00e9side \u00e0 Lagos, comme lors de son premier s\u00e9jour. Mais il lui arrive de voyager pour aller visiter d\u2019autres missions. En 1891, il se rend \u00e0 Ab\u00e9okuta. J\u2019ai fait le voyage \u00e0 cheval, n\u2019ayant d\u2019autre chemin qu\u2019un \u00e9troit sentier o\u00f9 ma monture avait beaucoup de difficult\u00e9s \u00e0 passer \u00e0 cause des arbres tomb\u00e9s. Il y fera quelques bapt\u00eames, rendra vite au roi, d\u00e9couvrira la religion traditionnelle et l\u2019importance du dieu Oro. Vers la fin de son s\u00e9jour, il est nomm\u00e9, par le p\u00e8re Planque, visiteur sma pour la mission du B\u00e9nin, signe de la confiance qu\u2019on lui fait.<\/p>\n<p>En 1884, le p\u00e8re Planque lui demande de demeurer \u00e0 Lyon pour devenir conseiller pour le B\u00e9nin et \u00e9conome g\u00e9n\u00e9ral. C\u2019est \u00e0 contre-c\u0153ur, apr\u00e8s \u00e9change de plusieurs lettres, que le p\u00e8re Ray accepte finalement de se rendre disponible pour le service demand\u00e9.<\/p>\n<p>Le 30 juin 1895, Rome \u00e9rige la pr\u00e9fecture apostolique de C\u00f4te d\u2019Ivoire, et nomme le p\u00e8re Matthieu Ray comme premier pr\u00e9fet apostolique. Deux missionnaires sma vont le pr\u00e9c\u00e9der : les p\u00e8res Alexandre Hamard et Emile Bonhomme. Le nouveau pr\u00e9fet apostolique ne peut s\u2019embarquer que le 1er janvier 1896 sur \u00ab\u00a0Le Dahomey\u00a0\u00bb, et il s\u2019installe \u00e0 Grand-Bassam le 23 janvier. Rapidement, un terrain est choisi pour la mission : on va y construire \u00e0 la h\u00e2te un logement pour les missionnaires, et une chapelle. Celle-ci sera inaugur\u00e9e le 14 juin et confi\u00e9e au patronage du Sacr\u00e9-C\u0153ur de J\u00e9sus.<\/p>\n<p>C\u2019est sur l\u2019intervention du capitaine Binger, le gouverneur, que les Missions Africaines vinrent en C\u00f4te d\u2019Ivoire. L\u2019id\u00e9e du gouverneur \u00e9tait de leur confier les \u00e9coles. Le p\u00e8re Ray et ses confr\u00e8res se mirent au travail. En d\u00e9cembre 1895, le p\u00e8re Bonhomme avait ouvert la mission de Memni. En 1896, s\u2019ouvriront les \u00e9coles et les missions de Moossou et de Dabou, puis, un peu plus tard, celles d\u2019Assinie, de Jacqueville et de Bonoua. Tr\u00e8s vite, les missionnaires vont, aussi, se pr\u00e9occuper de la promotion des femmes et, en 1898, monseigneur Ray ira n\u00e9gocier avec la sup\u00e9rieure des s\u0153urs de Notre-Dame des Ap\u00f4tres pour que des religieuses viennent s\u2019installer en C\u00f4te d\u2019Ivoire. En novembre 1898, les s\u0153urs Damien, Basilide et Adrien d\u00e9barquaient \u00e0 Grand-Bassam, rejointes, quelques jours plus tard, par leur sup\u00e9rieure, m\u00e8re Aloysia.<\/p>\n<p>En avril 1899, voici qu\u2019une violente \u00e9pid\u00e9mie, pr\u00e9sentant tous les signes de la peste bubonique, s\u2019abattit sur Grand-Bassam. Monseigneur Ray \u00e9tait alors \u00e0 Memni pour b\u00e9nir les nouvelles constructions. Estimant que sa place \u00e9tait au milieu de ses missionnaires en danger et des chr\u00e9tiens si cruellement \u00e9prouv\u00e9s, il quittait Memni le 8 mai pour rentrer \u00e0 Grand-Bassam. A peine arriv\u00e9, il ressentit les atteintes du terrible mal. Dans la nuit du 12 au 13 mai, il re\u00e7ut les derniers sacrements\u2026 et, le samedi 13 mai, \u00e0 11 heures et demi du matin, il quittait cette terre d\u2019exil. Il n\u2019avait que 51 ans. Le 14 mai, le gouverneur d\u00e9cida d\u2019incendier la mission, consid\u00e9r\u00e9e comme un foyer d\u2019infection. Une religieuse, s\u0153ur Damien, et 3 missionnaires, les p\u00e8res Vigna, Pellet et Teyssier, moururent les jours suivants.<\/p>\n<p>Monseigneur Belmont, \u00e9v\u00eaque de Clermont, \u00e9crira \u00e0 sa famille : Ce n\u2019est pas seulement un deuil pour votre famille , mais aussi pour l\u2019Eglise, en particulier pour cette jeune Eglise d\u2019Afrique qui se fonde dans le sang et les sueurs de ses ap\u00f4tres. L\u2019Eglise d\u2019Auvergne sera fi\u00e8re de d\u2019inscrire monseigneur Matthieu Ray \u00e0 son martyrologe, apr\u00e8s s\u2019\u00eatre fait un honneur de le compter parmi les plus vaillants de ses enfant<\/p>\n","protected":false},"excerpt":{"rendered":"<p>Soci\u00e9t\u00e9 des Missions Africaines n\u00e9 le 9 avril 1848 \u00e0 Saint-Hilaire-la-Croixdans le dioc\u00e8se de Clermont-Ferrand (France)membre de la SMA en 1873pr\u00eatre le 3 juillet 1875pr\u00e9fet apostolique le 28 juin&#8230;<\/p>\n","protected":false},"author":1,"featured_media":1739,"comment_status":"open","ping_status":"open","sticky":false,"template":"","format":"standard","meta":{"footnotes":""},"categories":[3],"tags":[],"class_list":["post-1740","post","type-post","status-publish","format-standard","has-post-thumbnail","hentry","category-necrologe-sma"],"_links":{"self":[{"href":"https:\/\/www.defunts.smainternational.site\/index.php?rest_route=\/wp\/v2\/posts\/1740","targetHints":{"allow":["GET"]}}],"collection":[{"href":"https:\/\/www.defunts.smainternational.site\/index.php?rest_route=\/wp\/v2\/posts"}],"about":[{"href":"https:\/\/www.defunts.smainternational.site\/index.php?rest_route=\/wp\/v2\/types\/post"}],"author":[{"embeddable":true,"href":"https:\/\/www.defunts.smainternational.site\/index.php?rest_route=\/wp\/v2\/users\/1"}],"replies":[{"embeddable":true,"href":"https:\/\/www.defunts.smainternational.site\/index.php?rest_route=%2Fwp%2Fv2%2Fcomments&post=1740"}],"version-history":[{"count":0,"href":"https:\/\/www.defunts.smainternational.site\/index.php?rest_route=\/wp\/v2\/posts\/1740\/revisions"}],"wp:featuredmedia":[{"embeddable":true,"href":"https:\/\/www.defunts.smainternational.site\/index.php?rest_route=\/wp\/v2\/media\/1739"}],"wp:attachment":[{"href":"https:\/\/www.defunts.smainternational.site\/index.php?rest_route=%2Fwp%2Fv2%2Fmedia&parent=1740"}],"wp:term":[{"taxonomy":"category","embeddable":true,"href":"https:\/\/www.defunts.smainternational.site\/index.php?rest_route=%2Fwp%2Fv2%2Fcategories&post=1740"},{"taxonomy":"post_tag","embeddable":true,"href":"https:\/\/www.defunts.smainternational.site\/index.php?rest_route=%2Fwp%2Fv2%2Ftags&post=1740"}],"curies":[{"name":"wp","href":"https:\/\/api.w.org\/{rel}","templated":true}]}}