{"id":1978,"date":"2015-04-15T08:11:31","date_gmt":"2015-04-15T08:11:31","guid":{"rendered":"https:\/\/bkpdefunts.smainternational.info\/?p=1978"},"modified":"2015-04-15T08:11:31","modified_gmt":"2015-04-15T08:11:31","slug":"le-pere-paul-welsch","status":"publish","type":"post","link":"https:\/\/www.defunts.smainternational.site\/?p=1978","title":{"rendered":"Le P\u00e8re Paul WELSCH"},"content":{"rendered":"<p><strong>Soci\u00e9t\u00e9 des Missions Africaines \u2013Province de Strasbourg<\/strong> <\/p>\n<table style=\"height: 17px; width: 1019px;\">\n<tbody>\n<tr>\n<td><img loading=\"lazy\" decoding=\"async\" class=\" size-full wp-image-1977\" src=\"https:\/\/www.defunts.smainternational.site\/wp-content\/uploads\/2015\/04\/WELSCH_Paul.jpg\" alt=\"WELSCH Paul\" width=\"113\" height=\"141\" \/><\/td>\n<td>n\u00e9 le 29 ao\u00fbt 1915 \u00e0 Montigny-les-Metz<br \/>dans le dioc\u00e8se de Metz, France<br \/>membre de la SMA le 7 janvier 1939<br \/>pr\u00eatre le 15 mars 1940<br \/>d\u00e9c\u00e9d\u00e9 le 4 juillet 1966<\/td>\n<td>\n<p>1942-1966 missionnaire au Togo, pr\u00e9fecture de Sokod\u00e9, Bombuaka<br \/>1961-1966, maison de Lom\u00e9-B\u00e8<br \/>conseiller du r\u00e9gional<br \/>1964-1966, r\u00e9gional<\/p>\n<p>d\u00e9c\u00e9d\u00e9 \u00e0 Lom\u00e9, Togo, le 4 juillet 1966,<br \/>\u00e0 l&rsquo;\u00e2ge de 51 ans<\/p>\n<\/td>\n<\/tr>\n<\/tbody>\n<\/table>\n<p>Le p\u00e8re Paul WELSCH (1915 &#8211; 1966)<\/p>\n<p>Paul Welsch naquit \u00e0 Montigny-les-Metz, en Lorraine, le 29 ao\u00fbt 1915. Il \u00e9tait le cinqui\u00e8me d\u2019une famille de sept enfants. De 1928 \u00e0 1933, il fit ses \u00e9tudes secondaires au petit s\u00e9minaire de Montigny et, de 1933 \u00e0 1935, ses \u00e9tudes philosophiques et la premi\u00e8re ann\u00e9e de th\u00e9ologie au s\u00e9minaire dioc\u00e9sain de Metz. En 1935-1936, il accomplit \u00e0 Saint-Cyr son service militaire. Dans l\u2019intention d\u2019entrer aux Missions Africaines, il continua ses \u00e9tudes de th\u00e9ologie au s\u00e9minaire de Saint-Pierre \u00e0 partir du 24 octobre 1937 et il fut admis au serment le 7 janvier 1939. Il fut mobilis\u00e9 comme lieutenant en 1939-1940. Au cours d\u2019une permission, il put se rendre \u00e0 Lyon et il y fut ordonn\u00e9 pr\u00eatre par Mgr Parisot le 15 mars 1940.<\/p>\n<p>Apr\u00e8s l\u2019armistice de 1940, il revint \u00e0 Saint-Pierre pour y achever ses \u00e9tudes de th\u00e9ologie. Ayant termin\u00e9 en juillet 1941 et \u00e9tant nomm\u00e9 pour la Pr\u00e9fecture Apostolique de Sokod\u00e9, il s\u2019embarqua \u00e0 Marseille, apr\u00e8s avoir pass\u00e9 clandestinement d\u2019Alsace et de zone occup\u00e9e, \u00e0 Lyon, en zone libre. Il arriva au Togo le 5 janvier 1942.<\/p>\n<p>Il fut affect\u00e9 \u00e0 la mission de Bombuaka, qui \u00e9tait la plus septentrionale du Togo, \u00e0 60 km au nord de Mango. La mission de Bombuaka avait \u00e9t\u00e9 fond\u00e9e en 1940, mission splendide, \u00e9crit le P\u00e8re Welsch, o\u00f9 il passa, avec le P\u00e8re Diebold, un peu plus d\u2019une ann\u00e9e, ann\u00e9e de vie laborieuse. Il \u00e9tudia s\u00e9rieusement la langue moba. Le P\u00e8re Diebold et lui pr\u00e9par\u00e8rent un cat\u00e9chisme, le premier en langue moba, qui fut imprim\u00e9 \u00e0 Lom\u00e9 en 1945.<\/p>\n<p>En mars 1943, le P\u00e8re Welsch dut laisser le P\u00e8re Diebold seul \u00e0 la t\u00e2che et reprendre la vie militaire. Il fut en effet mobilis\u00e9 et s\u00e9journa en diverses localit\u00e9s du Togo, principalement \u00e0 Lom\u00e9. Il profitait de tout son temps libre pour apprendre la langue \u00e9w\u00e9 et il aidait aussi ses confr\u00e8res dans le minist\u00e8re, en particulier \u00e0 la paroisse de Lom\u00e9-Amoutiv\u00e9. \u00c0 la fin des hostilit\u00e9s, il \u00e9tait capitaine et fut promu Commandant de la Place de Lom\u00e9. Mais vers la fin de 1945, il tomba gravement malade et l\u2019on craignit pour sa vie. Hospitalis\u00e9 \u00e0 Lom\u00e9, il put cependant \u00eatre \u00e9vacu\u00e9 sur la France en f\u00e9vrier 1946. Il revint au pays natal et retrouva forces et sant\u00e9, de sorte qu\u2019il retourna au Togo au mois d\u2019ao\u00fbt 1946 pour y \u00eatre d\u00e9mobilis\u00e9.<\/p>\n<p>Il monta ensuite dans la Pr\u00e9fecture de Sokod\u00e9 et, de 1946 \u00e0 1961, fut missionnaire \u00e0 Bombuaka, \u00e0 Mango, \u00e0 Lama-Kara, \u00e0 Sokod\u00e9, avec une interruption de trois mois \u00e0 la fin de 1947, o\u00f9 il fut d\u00e9l\u00e9gu\u00e9 pour enseigner \u00e0 l\u2019\u00e9cole normale de Togoville, en l\u2019absence du P\u00e8re Chopard-Lallier alors en France. Partout, le P\u00e8re Welsch, dou\u00e9 d\u2019une grande capacit\u00e9 de d\u00e9vouement, donnait \u00e0 tous l\u2019exemple d\u2019un missionnaire z\u00e9l\u00e9, tr\u00e8s ouvert \u00e0 tous les probl\u00e8mes de l\u2019apostolat, se d\u00e9vouant jusqu\u2019\u00e0 l\u2019extr\u00eame fatigue au minist\u00e8re, tant dans les villages de brousse que dans la station principale. Il apprit \u00e9galement le cabrais. Il s\u2019est en effet toujours astreint \u00e0 \u00e9tudier les langues des diff\u00e9rentes populations et \u00e0 faire l\u2019effort de p\u00e9n\u00e9trer leurs coutumes. Mgr Lingenheim, Pr\u00e9fet Apostolique depuis le mois de juin 1946, l\u2019associa au gouvernement de la Pr\u00e9fecture, d\u2019abord comme directeur dioc\u00e9sain de l\u2019enseignement catholique, puis comme vicaire g\u00e9n\u00e9ral.<\/p>\n<p>En 1961, ses sup\u00e9rieurs le rappel\u00e8rent \u00e0 Lom\u00e9 pour diriger la formation des jeunes missionnaires \u00e0 la maison pastorale, les initier \u00e0 la vie missionnaire et \u00e0 ses probl\u00e8mes. Il exer\u00e7a cette t\u00e2che avec comp\u00e9tence et m\u00e9thode. Tous admiraient sa bont\u00e9, sa patience et son d\u00e9vouement \u00e0 toute \u00e9preuve. Il \u00e9tait aussi charg\u00e9 des stations secondaires du district de Lom\u00e9-B\u00e8 et il y conduisait les jeunes missionnaires pour les former \u00e0 la pratique de l\u2019apostolat.<\/p>\n<p>En d\u00e9cembre 1964, il fut nomm\u00e9 sup\u00e9rieur r\u00e9gional des confr\u00e8res du Togo et il continua de r\u00e9sider \u00e0 Lom\u00e9. Mais \u00e0 cette \u00e9poque le dioc\u00e8se de Sokod\u00e9 \u00e9tait sans \u00e9v\u00eaque, Mgr Lingenheim ayant d\u00e9missionn\u00e9 au mois de novembre en faveur d\u2019un \u00e9v\u00eaque togolais. En attendant la nomination de celui-ci, le P\u00e8re Welsch fut nomm\u00e9 vicaire capitulaire, c\u2019est-\u00e0-dire qu\u2019il devait assurer l\u2019int\u00e9rim du gouvernement du dioc\u00e8se de Sokod\u00e9 jusqu\u2019\u00e0 l\u2019arriv\u00e9e du nouvel \u00e9v\u00eaque. Cet int\u00e9rim, que le P\u00e8re assura en r\u00e9sidant \u00e0 Sokod\u00e9, dura un an, jusqu\u2019\u00e0 l\u2019intronisation de Mgr Chr\u00e9tien Bakpessi le 16 janvier 1966.<\/p>\n<p>Le P\u00e8re Welsch revint alors \u00e0 la maison r\u00e9gionale de Lom\u00e9-B\u00e8. Mais d\u00e8s le 27 juin 1966, malade, il dut s\u2019aliter. Le lendemain il fut hospitalis\u00e9 \u00e0 Lom\u00e9, mais, en moins d\u2019une semaine, un acc\u00e8s pernicieux de fi\u00e8vre l\u2019emporta, malgr\u00e9 les soins \u00e9nergiques qui lui furent prodigu\u00e9s \u00e0 l\u2019h\u00f4pital de Lom\u00e9.<\/p>\n<p>Les obs\u00e8ques eurent lieu le 6 juillet. Mgr Dosseh, archev\u00eaque de Lom\u00e9, conc\u00e9l\u00e9bra avec douze pr\u00eatres une messe \u00e0 laquelle assistaient \u00e9galement Mgr Atakpah et Mgr Bakpessi, et il retra\u00e7a, en un bel \u00e9loge fun\u00e8bre, la vie et l\u2019\u0153uvre du cher P\u00e8re Welsch. Le P\u00e8re Francis Kuntz, vice-r\u00e9gional, pr\u00e9sida la c\u00e9r\u00e9monie de la conduite au cimeti\u00e8re, accompagn\u00e9 par une grande foule, parmi laquelle trois \u00c9v\u00eaques du Togo, quelque 80 pr\u00eatres, une centaine de religieuses.<\/p>\n<p>Avec le P\u00e8re Welsch, \u00e9crivit Mgr Strebler, dispara\u00eet de notre champ d\u2019apostolat du Togo un grand missionnaire, un pr\u00eatre mod\u00e8le et un digne fils de notre Fondateur. C\u2019\u00e9tait un missionnaire de grande classe, qui s\u2019est donn\u00e9 \u00e0 son troupeau &#8211; qu\u2019il a tendrement aim\u00e9 -, et \u00e0 ses chers confr\u00e8res, pour qui il \u00e9tait un mod\u00e8le vivant.<\/p>\n<p>&nbsp;<\/p>\n","protected":false},"excerpt":{"rendered":"<p>Soci\u00e9t\u00e9 des Missions Africaines \u2013Province de Strasbourg n\u00e9 le 29 ao\u00fbt 1915 \u00e0 Montigny-les-Metzdans le dioc\u00e8se de Metz, Francemembre de la SMA le 7 janvier 1939pr\u00eatre le 15 mars&#8230;<\/p>\n","protected":false},"author":1,"featured_media":1977,"comment_status":"open","ping_status":"open","sticky":false,"template":"","format":"standard","meta":{"footnotes":""},"categories":[3],"tags":[],"class_list":["post-1978","post","type-post","status-publish","format-standard","has-post-thumbnail","hentry","category-necrologe-sma"],"_links":{"self":[{"href":"https:\/\/www.defunts.smainternational.site\/index.php?rest_route=\/wp\/v2\/posts\/1978","targetHints":{"allow":["GET"]}}],"collection":[{"href":"https:\/\/www.defunts.smainternational.site\/index.php?rest_route=\/wp\/v2\/posts"}],"about":[{"href":"https:\/\/www.defunts.smainternational.site\/index.php?rest_route=\/wp\/v2\/types\/post"}],"author":[{"embeddable":true,"href":"https:\/\/www.defunts.smainternational.site\/index.php?rest_route=\/wp\/v2\/users\/1"}],"replies":[{"embeddable":true,"href":"https:\/\/www.defunts.smainternational.site\/index.php?rest_route=%2Fwp%2Fv2%2Fcomments&post=1978"}],"version-history":[{"count":0,"href":"https:\/\/www.defunts.smainternational.site\/index.php?rest_route=\/wp\/v2\/posts\/1978\/revisions"}],"wp:featuredmedia":[{"embeddable":true,"href":"https:\/\/www.defunts.smainternational.site\/index.php?rest_route=\/wp\/v2\/media\/1977"}],"wp:attachment":[{"href":"https:\/\/www.defunts.smainternational.site\/index.php?rest_route=%2Fwp%2Fv2%2Fmedia&parent=1978"}],"wp:term":[{"taxonomy":"category","embeddable":true,"href":"https:\/\/www.defunts.smainternational.site\/index.php?rest_route=%2Fwp%2Fv2%2Fcategories&post=1978"},{"taxonomy":"post_tag","embeddable":true,"href":"https:\/\/www.defunts.smainternational.site\/index.php?rest_route=%2Fwp%2Fv2%2Ftags&post=1978"}],"curies":[{"name":"wp","href":"https:\/\/api.w.org\/{rel}","templated":true}]}}