{"id":2538,"date":"2015-06-15T16:00:53","date_gmt":"2015-06-15T16:00:53","guid":{"rendered":"https:\/\/bkpdefunts.smainternational.info\/?p=2538"},"modified":"2015-06-15T16:00:53","modified_gmt":"2015-06-15T16:00:53","slug":"le-frere-matthieu-beriere","status":"publish","type":"post","link":"https:\/\/www.defunts.smainternational.site\/?p=2538","title":{"rendered":"Le Fr\u00e8re Matthieu BERI\u00c8RE"},"content":{"rendered":"<p><strong>Soci\u00e9t\u00e9 des Missions Africaines &#8211; Province de Hollande<\/strong><\/p>\n<table style=\"height: 17px; width: 1083px;\">\n<tbody>\n<tr>\n<td><img loading=\"lazy\" decoding=\"async\" class=\" size-full wp-image-2537\" src=\"https:\/\/www.defunts.smainternational.site\/wp-content\/uploads\/2015\/06\/BERRIERE_Matthieu.jpg\" alt=\"BERRIERE Matthieu\" width=\"113\" height=\"141\" \/><\/td>\n<td>n\u00e9 le 4 f\u00e9vrier 1877 \u00e0 Maastricht<br \/>dans le dioc\u00e8se de Roermond, Hollande<br \/>membre de la SMA le 21 novembre 1898<br \/>d\u00e9c\u00e9d\u00e9 le 31 juillet 1927<\/td>\n<td>\n<p>1901-1927 vicariat apostolique de la C\u00f4te-d&rsquo;Ivoire<\/p>\n<p>d\u00e9c\u00e9d\u00e9 \u00e0 Dakar, S\u00e9n\u00e9gal, le 31 juillet 1927,<br \/>\u00e0 l\u2019\u00e2ge de 50 ans<\/p>\n<\/td>\n<\/tr>\n<\/tbody>\n<\/table>\n<p>Le fr\u00e8re Matthieu BERIERE (1877 &#8211; 1927)<\/p>\n<p>A Dakar (S\u00e9n\u00e9gal), le 31 juillet 1927, retour \u00e0 Dieu du cher fr\u00e8re Matthieu Beri\u00e8re, \u00e0 l&rsquo;\u00e2ge de 51 ans.<\/p>\n<p>Matthieu Beri\u00e8re naquit \u00e0 Maastricht, dans le dioc\u00e8se de Roermond (Hollande), en 1876. Il fit ses v\u0153ux en 1898 apr\u00e8s avoir fait son noviciat \u00e0 Keer et \u00e0 Pont-Rousseau. En 1908, il fera son serment perp\u00e9tuel \u00e0 Bonoua, en C\u00f4te-d&rsquo;Ivoire.<\/p>\n<p>En octobre 1901, le fr\u00e8re Matthieu Beri\u00e8re partait pour le pr\u00e9fecture de la C\u00f4te-d&rsquo;Ivoire, o\u00f9 il devait travailler pendant plus de 25 ans. Il fut de longues ann\u00e9es employ\u00e9 \u00e0 la briqueterie de Moossou. Il a bien travaill\u00e9 et bien m\u00e9rit\u00e9 de la mission. Il restera aussi quelque peu l\u00e9gendaire en raison de toutes les plaisanteries jou\u00e9es \u00e0 ses confr\u00e8res et aux religieuses.<\/p>\n<p>Atteint de grande fatigue et d&rsquo;an\u00e9mie c\u00e9r\u00e9brale, il retournait vers l&rsquo;Europe. Le fr\u00e8re Aim\u00e9 qui l&rsquo;accompagnait dut le d\u00e9barquer \u00e0 Dakar et l&rsquo;hospitaliser.<\/p>\n<p>Le fr\u00e8re Matthieu Beri\u00e8re repose \u00e0 Dakar, aupr\u00e8s des membres de la congr\u00e9gation du Saint-Esprit.<\/p>\n<p>Broeder Mathieu BERIERE (1877 &#8211; 1927)<\/p>\n<p>Afkomst.<\/p>\n<p>Mathieu Beri\u00e8re (ook wel geschreven als Berri\u00e8re) is geboren te Maastricht op 4 februari 1877 als zoon van Pierre Jos. Beri\u00e8re en Anna Hub. Kist. Een oudere broer is geboren op 20.10.1873, terwijl zijn jongere broer, broeder Augustin s.m.a., op 21.01.1890 geboren is. Volgens een plaatselijke Lim\u00acburgse krant is kort voor het overlijden van Mathieu ook een zwager van hem overleden. De geboortedatums 1873 en 1890 doen trouwens een kinderrijk gezin vermoeden. Dit zijn de ons bekende familiegegevens.<\/p>\n<p>Opleiding.<\/p>\n<p>In 1894 is Mathieu als postulant naar het nieuwe missiehuis te Cadier en Keer gekomen. Vandaar is hij naar Pont Rousseau in Frankrijk gegaan waar hij van 1896 tot 1898 zijn noviciaat heeft gemaakt. Op 21 november 1898 werd hij door het afleggen van de eerste tijdelijke eed lid van de Soci\u00ebteit voor Afri\u00ackaanse Missi\u00ebn.<\/p>\n<p>Missionaris.<\/p>\n<p>Drie jaar lang werkte hij in de verschillende huizen van de Soci\u00ebteit in Frankrijk. In 1901 vertrok hij naar de missie van de Ivoorkust en werd daar benoemd voor de steenbakkerij van Moossou ten behoeve van de bouw voor de missie: scholen, kerken en huizen voor paters en zusters. Hij was een man met een onverwoestbare gezondheid en een stralend goed humeur. Jaren na zijn dood herinnerde men zich nog de grappen van fr\u00e8re Mathieu: geen kans liet hij voorbijgaan om de paters of zusters een poets te bakken.<\/p>\n<p>Die goede gezondheid en dat goede humeur hebben hem in staat gesteld om onafgebroken, zonder vakantie, 17 jaar lang in dat klimaat te werken. Eind 1918 kwam hij voor enkele maanden vakantie naar Nederland. Uitgerust en vol goede moed ging hij terug. Doch deze keer was het voor een aanzienlijk kortere tijd want na ruim vijf jaar moest hij ziek terug naar Neder\u00acland. Het klimaat en het werk hadden ook zijn gezondheid aange\u00actast. Maar niet zijn moraal. Eind 1925 ging hij opnieuw naar Afrika, en weer vol goede moed en werklust. Maar na een jaar begon opnieuw het gesukkel met zijn gezondheid. Zijn broer, broeder Augustin, op weg van Nigeria naar Nederland, bezocht hem in maart 1927 en trof hem ziek aan.<\/p>\n<p>Gestorven.<\/p>\n<p>Eind Juli 1927 besloot zijn overste hem terug te sturen naar Nederland. Een andere broeder zou hem vergezellen. Ze vertrok\u00acken onmiddellijk, doch aan boord verergerde de toestand van broeder Mathieu snel. <br \/>In Dakar, Senegal, werd hij aan land gebracht en opgenomen in het ziekenhuis. Daar stierf hij op 31 juli 1927, 50 jaar oud. Hij werd begraven op het kerkhof van de Paters v.d. H. Geest te Dakar.<\/p>\n<p>Bronnen:<br \/>&#8211; Archief Nederl. Provincie S.M.A., Cadier en Keer;<br \/>&#8211; N. Douau: Biographies Missions Africaines 31.07.1927;<br \/>&#8211; Th. Blom in Onze Krant: juni 1978.<\/p>\n","protected":false},"excerpt":{"rendered":"<p>Soci\u00e9t\u00e9 des Missions Africaines &#8211; Province de Hollande n\u00e9 le 4 f\u00e9vrier 1877 \u00e0 Maastrichtdans le dioc\u00e8se de Roermond, Hollandemembre de la SMA le 21 novembre 1898d\u00e9c\u00e9d\u00e9 le 31&#8230;<\/p>\n","protected":false},"author":1,"featured_media":2537,"comment_status":"open","ping_status":"open","sticky":false,"template":"","format":"standard","meta":{"footnotes":""},"categories":[3],"tags":[],"class_list":["post-2538","post","type-post","status-publish","format-standard","has-post-thumbnail","hentry","category-necrologe-sma"],"_links":{"self":[{"href":"https:\/\/www.defunts.smainternational.site\/index.php?rest_route=\/wp\/v2\/posts\/2538","targetHints":{"allow":["GET"]}}],"collection":[{"href":"https:\/\/www.defunts.smainternational.site\/index.php?rest_route=\/wp\/v2\/posts"}],"about":[{"href":"https:\/\/www.defunts.smainternational.site\/index.php?rest_route=\/wp\/v2\/types\/post"}],"author":[{"embeddable":true,"href":"https:\/\/www.defunts.smainternational.site\/index.php?rest_route=\/wp\/v2\/users\/1"}],"replies":[{"embeddable":true,"href":"https:\/\/www.defunts.smainternational.site\/index.php?rest_route=%2Fwp%2Fv2%2Fcomments&post=2538"}],"version-history":[{"count":0,"href":"https:\/\/www.defunts.smainternational.site\/index.php?rest_route=\/wp\/v2\/posts\/2538\/revisions"}],"wp:featuredmedia":[{"embeddable":true,"href":"https:\/\/www.defunts.smainternational.site\/index.php?rest_route=\/wp\/v2\/media\/2537"}],"wp:attachment":[{"href":"https:\/\/www.defunts.smainternational.site\/index.php?rest_route=%2Fwp%2Fv2%2Fmedia&parent=2538"}],"wp:term":[{"taxonomy":"category","embeddable":true,"href":"https:\/\/www.defunts.smainternational.site\/index.php?rest_route=%2Fwp%2Fv2%2Fcategories&post=2538"},{"taxonomy":"post_tag","embeddable":true,"href":"https:\/\/www.defunts.smainternational.site\/index.php?rest_route=%2Fwp%2Fv2%2Ftags&post=2538"}],"curies":[{"name":"wp","href":"https:\/\/api.w.org\/{rel}","templated":true}]}}