{"id":2546,"date":"2015-06-18T14:52:13","date_gmt":"2015-06-18T14:52:13","guid":{"rendered":"https:\/\/bkpdefunts.smainternational.info\/?p=2546"},"modified":"2015-06-18T14:52:13","modified_gmt":"2015-06-18T14:52:13","slug":"le-pere-jerome-reinhardt","status":"publish","type":"post","link":"https:\/\/www.defunts.smainternational.site\/?p=2546","title":{"rendered":"Le P\u00e8re J\u00e9r\u00f4me REINHARDT"},"content":{"rendered":"<p><strong>Soci\u00e9t\u00e9 des Missions Africaines<\/strong><\/p>\n<table style=\"height: 17px; width: 1057px;\">\n<tbody>\n<tr>\n<td><img loading=\"lazy\" decoding=\"async\" class=\" size-full wp-image-2545\" src=\"https:\/\/www.defunts.smainternational.site\/wp-content\/uploads\/2015\/06\/REINHARDT_Jerome.jpg\" alt=\"REINHARDT Jerome\" width=\"113\" height=\"141\" \/><\/td>\n<td>n\u00e9 le 11 septembre 1874 \u00e0 Wintershausen<br \/>dans le dioc\u00e8se de Strasbourg, France<br \/>membre de la SMA le 25 septembre 1894<br \/>pr\u00eatre le 18 juillet 1897<br \/>d\u00e9c\u00e9d\u00e9 le 2 ao\u00fbt 1910<\/td>\n<td>\n<p>1897-1898 Clermont, professeur<br \/>1898-1910 missionnaire au Ghana<br \/>Saltpond, Cape Coast, Axim<\/p>\n<p>d\u00e9c\u00e9d\u00e9 \u00e0 La Croix-Valmer, France, le 2 ao\u00fbt 1910,<br \/>\u00e0 l\u2019\u00e2ge de 36 ans<\/p>\n<\/td>\n<\/tr>\n<\/tbody>\n<\/table>\n<p>Le p\u00e8re J\u00e9r\u00f4me REINHART (1874 &#8211; 1910)<\/p>\n<p>A La Croix-Valmer, le 2 ao\u00fbt, retour \u00e0 Dieu du p\u00e8re J\u00e9r\u00f4me Reinhart, \u00e0 l&rsquo;\u00e2ge de 36 ans.<\/p>\n<p>Joseph Reinhart naquit \u00e0 Wintershausen, dans le dioc\u00e8se de Strasbourg, en 1874. Il fit ses \u00e9tudes \u00e0 Richelieu et \u00e0 Lyon. Il fit le serment en 1894 et fut ordonn\u00e9 pr\u00eatre en juillet 1897. Apr\u00e8s avoir pass\u00e9 un mois comme professeur \u00e0 Richelieu, en septembre 1897, le p\u00e8re Reinhart partait pour la pr\u00e9fecture de la C\u00f4te-de-l&rsquo;Or. Il commen\u00e7a son minist\u00e8re \u00e0 Saltpond, dont il devint le sup\u00e9rieur apr\u00e8s son cong\u00e9 de 1901.<\/p>\n<p>En 1904, il fut nomm\u00e9 \u00e0 Cape-Coast, puis sup\u00e9rieur d&rsquo;Axim en 1906. L\u00e0, il b\u00e2tit la maison. Peu apr\u00e8s, il rentrait en Europe. Revenu en C\u00f4te-de-l&rsquo;Or en 1907, Mgr Hummel le nomme \u00e0 Cape-Coast et le charge de construire la maison \u00e9piscopale.<\/p>\n<p>En mars 1909, gravement malade, le p\u00e8re Reinhart rentre en Europe. Il meurt \u00e0 La Croix apr\u00e8s de longs mois de maladie.<\/p>\n","protected":false},"excerpt":{"rendered":"<p>Soci\u00e9t\u00e9 des Missions Africaines n\u00e9 le 11 septembre 1874 \u00e0 Wintershausendans le dioc\u00e8se de Strasbourg, Francemembre de la SMA le 25 septembre 1894pr\u00eatre le 18 juillet 1897d\u00e9c\u00e9d\u00e9 le 2&#8230;<\/p>\n","protected":false},"author":1,"featured_media":2545,"comment_status":"open","ping_status":"open","sticky":false,"template":"","format":"standard","meta":{"footnotes":""},"categories":[3],"tags":[],"class_list":["post-2546","post","type-post","status-publish","format-standard","has-post-thumbnail","hentry","category-necrologe-sma"],"_links":{"self":[{"href":"https:\/\/www.defunts.smainternational.site\/index.php?rest_route=\/wp\/v2\/posts\/2546","targetHints":{"allow":["GET"]}}],"collection":[{"href":"https:\/\/www.defunts.smainternational.site\/index.php?rest_route=\/wp\/v2\/posts"}],"about":[{"href":"https:\/\/www.defunts.smainternational.site\/index.php?rest_route=\/wp\/v2\/types\/post"}],"author":[{"embeddable":true,"href":"https:\/\/www.defunts.smainternational.site\/index.php?rest_route=\/wp\/v2\/users\/1"}],"replies":[{"embeddable":true,"href":"https:\/\/www.defunts.smainternational.site\/index.php?rest_route=%2Fwp%2Fv2%2Fcomments&post=2546"}],"version-history":[{"count":0,"href":"https:\/\/www.defunts.smainternational.site\/index.php?rest_route=\/wp\/v2\/posts\/2546\/revisions"}],"wp:featuredmedia":[{"embeddable":true,"href":"https:\/\/www.defunts.smainternational.site\/index.php?rest_route=\/wp\/v2\/media\/2545"}],"wp:attachment":[{"href":"https:\/\/www.defunts.smainternational.site\/index.php?rest_route=%2Fwp%2Fv2%2Fmedia&parent=2546"}],"wp:term":[{"taxonomy":"category","embeddable":true,"href":"https:\/\/www.defunts.smainternational.site\/index.php?rest_route=%2Fwp%2Fv2%2Fcategories&post=2546"},{"taxonomy":"post_tag","embeddable":true,"href":"https:\/\/www.defunts.smainternational.site\/index.php?rest_route=%2Fwp%2Fv2%2Ftags&post=2546"}],"curies":[{"name":"wp","href":"https:\/\/api.w.org\/{rel}","templated":true}]}}