{"id":2619,"date":"2015-07-22T17:12:09","date_gmt":"2015-07-22T17:12:09","guid":{"rendered":"https:\/\/bkpdefunts.smainternational.info\/?p=2619"},"modified":"2015-07-22T17:12:09","modified_gmt":"2015-07-22T17:12:09","slug":"le-pere-yves-duval","status":"publish","type":"post","link":"https:\/\/www.defunts.smainternational.site\/?p=2619","title":{"rendered":"Le P\u00e8re Yves DUVAL"},"content":{"rendered":"<p><strong>Soci\u00e9t\u00e9 des Missions Africaines \u2013Province de Lyon<\/strong><\/p>\n<table style=\"height: 17px; width: 1090px;\">\n<tbody>\n<tr>\n<td><img loading=\"lazy\" decoding=\"async\" class=\" size-full wp-image-2618\" src=\"https:\/\/www.defunts.smainternational.site\/wp-content\/uploads\/2015\/07\/DUVAL_Yves.jpg\" alt=\"DUVAL Yves\" width=\"113\" height=\"141\" \/><\/td>\n<td>n\u00e9 le 8 janvier 1922 \u00e0 B\u00e9cherel&nbsp;<br \/>dans le dioc\u00e8se de Rennes, France<br \/>membre de la SMA le 5 janvier 1943<br \/>pr\u00eatre le 17 mars 1946<br \/>d\u00e9c\u00e9d\u00e9 le 17 ao\u00fbt 1985<\/td>\n<td>\n<p>1946-1957 missionnaire en C\u00f4te-d&rsquo;Ivoire<br \/>(dioc\u00e8ses d\u2019Abidjan et d\u2019Abengourou)<br \/>1957-1958 Baudonne, recruteur<br \/>1958-1960 Chaponost, \u00e9conome<br \/>1960-1962 missionnaire au B\u00e9nin, Cotonou<br \/>1962-1968 animation missionnaire<br \/>aide procureur \u00e0 Paris<br \/>1968-1971 Saint-Briac, procureur<br \/>1971-1972 missionnaire \u00e0 Abengourou<br \/>1972-1975 Marseille, procureur<br \/>1975-1982 Lyon, 150, procure, services divers<br \/>1982-1985 retir\u00e9 dans sa famille<\/p>\n<p>d\u00e9c\u00e9d\u00e9 \u00e0 Cesson-S\u00e9vign\u00e9, France, le 17 ao\u00fbt 1985,<br \/>\u00e0 l&rsquo;\u00e2ge de 63 ans<\/p>\n<\/td>\n<\/tr>\n<\/tbody>\n<\/table>\n<p>Le p\u00e8re Yves DUVAL (1922 &#8211; 1985)<\/p>\n<p>Yves Duval na\u00eet le 8 janvier 1922 \u00e0 B\u00e9cherel, dans le dioc\u00e8se de Rennes et le d\u00e9partement d&rsquo;Ille-et-Vilaine. Apr\u00e8s ses \u00e9tudes primaires, il entre au petit s\u00e9minaire de Ch\u00e2teaugiron en 1933 et y obtient, en 1939, la premi\u00e8re partie du baccalaur\u00e9at. Il rejoint ensuite le grand s\u00e9minaire de Rennes o\u00f9, jusqu&rsquo;en 1941, il \u00e9tudie la philosophie scholastique.<\/p>\n<p>C&rsquo;est alors qu&rsquo;il demande \u00e0 entrer au grand s\u00e9minaire des Missions Africaines de Lyon, ce qu&rsquo;il obtient le 21 septembre 1941. Deux ans apr\u00e8s, il prononce son serment qui le fait membre des Missions Africaines et il est ordonn\u00e9 pr\u00eatre le 17 mars 1946.<\/p>\n<p>D\u00e8s le mois d&rsquo;ao\u00fbt de la m\u00eame ann\u00e9e, il re\u00e7oit son affectation pour la C\u00f4te d&rsquo;Ivoire et plus sp\u00e9cialement pour le vicariat d&rsquo;Abidjan o\u00f9 il est nomm\u00e9 vicaire \u00e0 la cath\u00e9drale. Deux ans apr\u00e8s, il est jug\u00e9 excellent missionnaire, mais d&rsquo;un temp\u00e9rament tr\u00e8s vif et facilement irritable, ce qui lui cause parfois des ennuis. Il s&rsquo;am\u00e9liorera en vieillissant. Apr\u00e8s son cong\u00e9 pris en 1952, il revient en C\u00f4te d&rsquo;Ivoire. Il est nomm\u00e9 vicaire \u00e0 Agboville o\u00f9 il ne peut s&rsquo;habituer. Trois mois apr\u00e8s, il est envoy\u00e9 \u00e0 Abengourou, vicaire \u00e0 la mission et directeur d&rsquo;\u00e9cole. S&rsquo;il \u00e9prouve quelques difficult\u00e9s \u00e0 exercer son minist\u00e8re dans les villages, par contre, il r\u00e9ussit tr\u00e8s bien aupr\u00e8s des \u00e9l\u00e8ves.<\/p>\n<p>A son retour en France en 1957, le p\u00e8re Duval est nomm\u00e9 recruteur au petit s\u00e9minaire de Baudonne et, au mois de juillet de l&rsquo;ann\u00e9e suivante, il est \u00e9conome au s\u00e9minaire de Chaponost o\u00f9 il reste deux ans.<\/p>\n<p>En 1960, il est nomm\u00e9 au Coll\u00e8ge Aupiais de Cotonou. Il va y rester deux ans. Mais ce sont, pour lui, des ann\u00e9es difficiles. A son retour, il propose au p\u00e8re provincial de lui permettre de se mettre au service d\u2019un dioc\u00e8se de France. Le conseil lui r\u00e9pond en lui proposant de remplacer en urgence le p\u00e8re Castanchoa pour tenir un stand \u00e0 la foire de Pau avant de passer \u00e0 la maison provinciale de Lyon. On lui demande de travailler \u00e0 la diffusion des \u00e9ditions sma.<\/p>\n<p>Mais le p\u00e8re Duval n&rsquo;a pas oubli\u00e9 son id\u00e9e de faire du minist\u00e8re dans un dioc\u00e8se de France, et c&rsquo;est pourquoi il entreprend des d\u00e9marches aupr\u00e8s de l&rsquo;\u00e9v\u00eaque de Chartres et aupr\u00e8s de l&rsquo;\u00e9v\u00eaque de Versailles qui, tous les deux, l&rsquo;autoriseront \u00e0 faire un essai dans leur dioc\u00e8se. Le 25 mars 1964, il est vicaire \u00e0 Rueil, toujours en relation avec le p\u00e8re Provincial qu&rsquo;il invite \u00e0 venir le visiter. En novembre 1964, puisqu&rsquo;il ne peut avoir la responsabilit\u00e9 d&rsquo;une paroisse, il accepte de reprendre un service dans la SMA et vient \u00e0 la procure de la rue Crillon remplacer le p\u00e8re H\u00e9naff qui est fatigu\u00e9. Il y reste jusqu&rsquo;en 1968, date de sa nomination comme sup\u00e9rieur de la procure de Saint-Briac. Il y donne pleine satisfaction, puisque le p\u00e8re Falcon lui \u00e9crit le 2 ao\u00fbt 1968 pour le remercier du travail accompli, travail qu&rsquo;il va continuer jusqu&rsquo;en mai 1971 car, \u00e0 cette date, il repart pour la C\u00f4te d&rsquo;Ivoire et la mission de Arrah. Mais il doit revenir en France au bout d&rsquo;une ann\u00e9e.<\/p>\n<p>C&rsquo;est alors qu&rsquo;il accepte de tenir la procure de Marseille de 1973 \u00e0 1975 . Dure \u00e9tape sur sa route : les soucis, la solitude, la fatigue finissent par peser tr\u00e8s lourd et il doit quitter Marseille pour Lyon o\u00f9 il reste de 1975 \u00e0 1982. Apr\u00e8s une aide pr\u00e9cieuse pendant les travaux qui accompagnent les transformations de la maison de Lyon, il se consacre \u00e0 nouveau au travail de procure avec ardeur et efficacit\u00e9. (P\u00e8re Michel Lamure).<\/p>\n<p>Le 1er octobre 1982, tr\u00e8s fatigu\u00e9, il demande \u00e0 se retirer dans son village de B\u00e9cherel. Mais il n&rsquo;oublie pas pour autant les Missions Africaines : il continue son travail de procure en \u00e9crivant des milliers d&rsquo;enveloppes pour la maison de Rez\u00e9. Du mal qui le ronge, il ne parle pas, de peur d&rsquo;assombrir la joie de son entourage ; mais, au mois de mai 1985, les alertes se font plus fr\u00e9quentes et c&rsquo;est l&rsquo;hospitalisation au mois d&rsquo;ao\u00fbt suivant. Le dernier s\u00e9jour \u00e0 l&rsquo;h\u00f4pital devait r\u00e9v\u00e9ler combien il a d\u00fb souffrir, et avec quelle force d&rsquo;\u00e2me il a v\u00e9cu l&rsquo;\u00e9preuve des derni\u00e8res semaines. (P\u00e8re Michel Lamure)<\/p>\n<p>Le 17 ao\u00fbt, il quitte les siens \u00e0 Cesson-S\u00e9vign\u00e9, tout pr\u00e8s de son village natal. Le 20 ao\u00fbt 1985, le P\u00e8re Duval a \u00e9t\u00e9 inhum\u00e9 \u00e0 B\u00e9cherel.<\/p>\n","protected":false},"excerpt":{"rendered":"<p>Soci\u00e9t\u00e9 des Missions Africaines \u2013Province de Lyon n\u00e9 le 8 janvier 1922 \u00e0 B\u00e9cherel&nbsp;dans le dioc\u00e8se de Rennes, Francemembre de la SMA le 5 janvier 1943pr\u00eatre le 17 mars&#8230;<\/p>\n","protected":false},"author":1,"featured_media":2618,"comment_status":"open","ping_status":"open","sticky":false,"template":"","format":"standard","meta":{"footnotes":""},"categories":[3],"tags":[],"class_list":["post-2619","post","type-post","status-publish","format-standard","has-post-thumbnail","hentry","category-necrologe-sma"],"_links":{"self":[{"href":"https:\/\/www.defunts.smainternational.site\/index.php?rest_route=\/wp\/v2\/posts\/2619","targetHints":{"allow":["GET"]}}],"collection":[{"href":"https:\/\/www.defunts.smainternational.site\/index.php?rest_route=\/wp\/v2\/posts"}],"about":[{"href":"https:\/\/www.defunts.smainternational.site\/index.php?rest_route=\/wp\/v2\/types\/post"}],"author":[{"embeddable":true,"href":"https:\/\/www.defunts.smainternational.site\/index.php?rest_route=\/wp\/v2\/users\/1"}],"replies":[{"embeddable":true,"href":"https:\/\/www.defunts.smainternational.site\/index.php?rest_route=%2Fwp%2Fv2%2Fcomments&post=2619"}],"version-history":[{"count":0,"href":"https:\/\/www.defunts.smainternational.site\/index.php?rest_route=\/wp\/v2\/posts\/2619\/revisions"}],"wp:featuredmedia":[{"embeddable":true,"href":"https:\/\/www.defunts.smainternational.site\/index.php?rest_route=\/wp\/v2\/media\/2618"}],"wp:attachment":[{"href":"https:\/\/www.defunts.smainternational.site\/index.php?rest_route=%2Fwp%2Fv2%2Fmedia&parent=2619"}],"wp:term":[{"taxonomy":"category","embeddable":true,"href":"https:\/\/www.defunts.smainternational.site\/index.php?rest_route=%2Fwp%2Fv2%2Fcategories&post=2619"},{"taxonomy":"post_tag","embeddable":true,"href":"https:\/\/www.defunts.smainternational.site\/index.php?rest_route=%2Fwp%2Fv2%2Ftags&post=2619"}],"curies":[{"name":"wp","href":"https:\/\/api.w.org\/{rel}","templated":true}]}}