{"id":2623,"date":"2015-07-22T17:25:39","date_gmt":"2015-07-22T17:25:39","guid":{"rendered":"https:\/\/bkpdefunts.smainternational.info\/?p=2623"},"modified":"2015-07-22T17:25:39","modified_gmt":"2015-07-22T17:25:39","slug":"le-pere-jean-louis-meheust","status":"publish","type":"post","link":"https:\/\/www.defunts.smainternational.site\/?p=2623","title":{"rendered":"Le P\u00e8re Jean-Louis M\u00c9HEUST"},"content":{"rendered":"<p><strong>Soci\u00e9t\u00e9 des Missions Africaines<\/strong> <\/p>\n<table style=\"height: 17px; width: 1070px;\">\n<tbody>\n<tr>\n<td>n\u00e9 le 11 avril 1867 \u00e0 Dolo par Jugon<br \/>dans le dioc\u00e8se de Saint-Brieuc, France<br \/>membre de la SMA le 22 d\u00e9cembre 1899<br \/>pr\u00eatre le 11 mars 1900<br \/>d\u00e9c\u00e9d\u00e9 le 18 ao\u00fbt 1911<\/td>\n<td>\n<p>1900-1911 missionnaire en C\u00f4te-d&rsquo;Ivoire<br \/>Bassam, Koroko, Abidjan<br \/>Bingerville, Bonoua<\/p>\n<p>d\u00e9c\u00e9d\u00e9 \u00e0 Grand-Bassam, C\u00f4te-d&rsquo;Ivoire, le 18 ao\u00fbt 1911,<br \/>\u00e0 l\u2019\u00e2ge de 44 ans<\/p>\n<\/td>\n<\/tr>\n<\/tbody>\n<\/table>\n<p>Le p\u00e8re Jean-Louis MEHEUST (1867 &#8211; 1911)<\/p>\n<p>A Grand-Bassam (C\u00f4te-d&rsquo;Ivoire), le 18 ao\u00fbt 1911, retour \u00e0 Dieu du p\u00e8re Jean-Louis M\u00e9heust, \u00e0 l&rsquo;\u00e2ge de 44 ans.<\/p>\n<p>Jean-Louis M\u00e9heust naquit \u00e0 Dolo, par Jugon, dans le dioc\u00e8se de Saint-Brieuc, en 1867. Il fit ses \u00e9tudes \u00e0 Dinan, puis au grand s\u00e9minaire de Saint-Brieuc.<\/p>\n<p>Apr\u00e8s trois ans de service militaire, en janvier 1899, il entrait aux Missions Africaines. Il fit le serment en d\u00e9cembre 1899 et fut ordonn\u00e9 pr\u00eatre en mars 1900. Peu apr\u00e8s, le p\u00e8re M\u00e9heust partait pour la pr\u00e9fecture de C\u00f4te-d&rsquo;Ivoire. Il r\u00e9sida \u00e0 Bassam, Korhogo, Abidjan, Bingerville, puis \u00e0 Bonoua.<\/p>\n<p>Il mourut \u00e0 l&rsquo;h\u00f4pital de Grand-Bassam.<\/p>\n","protected":false},"excerpt":{"rendered":"<p>Soci\u00e9t\u00e9 des Missions Africaines n\u00e9 le 11 avril 1867 \u00e0 Dolo par Jugondans le dioc\u00e8se de Saint-Brieuc, Francemembre de la SMA le 22 d\u00e9cembre 1899pr\u00eatre le 11 mars 1900d\u00e9c\u00e9d\u00e9&#8230;<\/p>\n","protected":false},"author":1,"featured_media":0,"comment_status":"open","ping_status":"open","sticky":false,"template":"","format":"standard","meta":{"footnotes":""},"categories":[3],"tags":[],"class_list":["post-2623","post","type-post","status-publish","format-standard","hentry","category-necrologe-sma"],"_links":{"self":[{"href":"https:\/\/www.defunts.smainternational.site\/index.php?rest_route=\/wp\/v2\/posts\/2623","targetHints":{"allow":["GET"]}}],"collection":[{"href":"https:\/\/www.defunts.smainternational.site\/index.php?rest_route=\/wp\/v2\/posts"}],"about":[{"href":"https:\/\/www.defunts.smainternational.site\/index.php?rest_route=\/wp\/v2\/types\/post"}],"author":[{"embeddable":true,"href":"https:\/\/www.defunts.smainternational.site\/index.php?rest_route=\/wp\/v2\/users\/1"}],"replies":[{"embeddable":true,"href":"https:\/\/www.defunts.smainternational.site\/index.php?rest_route=%2Fwp%2Fv2%2Fcomments&post=2623"}],"version-history":[{"count":0,"href":"https:\/\/www.defunts.smainternational.site\/index.php?rest_route=\/wp\/v2\/posts\/2623\/revisions"}],"wp:attachment":[{"href":"https:\/\/www.defunts.smainternational.site\/index.php?rest_route=%2Fwp%2Fv2%2Fmedia&parent=2623"}],"wp:term":[{"taxonomy":"category","embeddable":true,"href":"https:\/\/www.defunts.smainternational.site\/index.php?rest_route=%2Fwp%2Fv2%2Fcategories&post=2623"},{"taxonomy":"post_tag","embeddable":true,"href":"https:\/\/www.defunts.smainternational.site\/index.php?rest_route=%2Fwp%2Fv2%2Ftags&post=2623"}],"curies":[{"name":"wp","href":"https:\/\/api.w.org\/{rel}","templated":true}]}}