{"id":2631,"date":"2015-07-22T17:40:31","date_gmt":"2015-07-22T17:40:31","guid":{"rendered":"https:\/\/bkpdefunts.smainternational.info\/?p=2631"},"modified":"2015-07-22T17:40:31","modified_gmt":"2015-07-22T17:40:31","slug":"le-pere-leendert-de-kok","status":"publish","type":"post","link":"https:\/\/www.defunts.smainternational.site\/?p=2631","title":{"rendered":"Le P\u00e8re Leendert de KOK"},"content":{"rendered":"<p><strong>Soci\u00e9t\u00e9 des Missions Africaines \u2013 Province de Hollande<\/strong><\/p>\n<table style=\"height: 17px; width: 1081px;\">\n<tbody>\n<tr>\n<td><img loading=\"lazy\" decoding=\"async\" class=\" size-full wp-image-2630\" src=\"https:\/\/www.defunts.smainternational.site\/wp-content\/uploads\/2015\/07\/KOK_de_Leendert.jpg\" alt=\"KOK de Leendert\" width=\"113\" height=\"141\" \/><\/td>\n<td>n\u00e9 le 18 avril 1908 \u00e0 Rotterdam<br \/>dans le dioc\u00e8se de Haarlem, Hollande<br \/>membre de la SMA le 15 juillet 1933<br \/>pr\u00eatre le 22 d\u00e9cembre 1934<br \/>d\u00e9c\u00e9d\u00e9 le 19 ao\u00fbt 1939<\/td>\n<td>\n<p>1934-1936 Cadier en Keer, professeur<br \/>1936-1939 Basse Volta, Ghana<br \/>Dzodze, Kete-Krachi, Hihoe<\/p>\n<p>d\u00e9c\u00e9d\u00e9 \u00e0 Kete Krachi, Ghana, le 19 ao\u00fbt 1939<br \/>\u00e0 l\u2019\u00e2ge de 31 ans<\/p>\n<\/td>\n<\/tr>\n<\/tbody>\n<\/table>\n<p>Le p\u00e8re Leendert de KOK (1908 &#8211; 1939)<\/p>\n<p>A Kete-Krachi (Ghana), le 19 ao\u00fbt 1939, retour \u00e0 Dieu du p\u00e8re Leendert de Kok, \u00e0 l&rsquo;\u00e2ge de 31 ans.<\/p>\n<p>Leendert de Kok naquit \u00e0 Rotterdam, dans le dioc\u00e8se de Haarlem (aujourd&rsquo;hui dioc\u00e8se de Rotterdam), en Hollande, en 1908. Il fit ses \u00e9tudes secondaires \u00e0 Tilburg, sa philosophie \u00e0 Rosendaal et un an de th\u00e9ologie \u00e0 Mill Hill, en Angleterre. Entr\u00e9 aux Missions Africaines, il termina ses \u00e9tudes \u00e0 Hastings. Il fit le serment en 1933 et fut ordonn\u00e9 pr\u00eatre en novembre 1934.<\/p>\n<p>Le p\u00e8re de Kok est nomm\u00e9 pour le vicariat de la C\u00f4te-de-l&rsquo;Or, mais, au moment de partir, contrordre, et il part en Egypte comme professeur d&rsquo;anglais. C&rsquo;est avec joie qu&rsquo;en 1936 il peut prendre le bateau pour l&rsquo;Afrique noire. Il est nomm\u00e9 au vicariat de la Basse-Volta.<\/p>\n<p>Il se d\u00e9voue \u00e0 Dzodze, puis \u00e0 Kete-Krachi, o\u00f9 il meurt victime du climat.<\/p>\n<p>Pater Leendert de KOK (1908 &#8211; 1939)<\/p>\n<p>Afkomst.<\/p>\n<p>Laurentius Leonardus Mattheus de Kok, zoon van Antonius de Kok en Henrica J. Kraaivanger, werd op 18.04.1908 geboren te Rotterdam en ge\u00acdoopt in de St. Hildegardis parochie. Zijn medestudenten op het seminarie noemden hem Leendert of Leen. Zijn ouders verhuisden naar Zwijndrecht, Prins Mauritslaan 102. Van 1916 tot 1920 ging Leendert naar de katholieke school in Dordrecht, daarna in 1921-22 naar de gemeenteschool in Zwijndrecht.<br \/>Later is in Zwijndrecht een broer van hem ge\u00actrouwd met een zus van pater Koos van Swieten.<\/p>\n<p>Opleiding.<\/p>\n<p>Zijn middelbare en hogere studies deed Leendert aanvankelijk bij de Mill Hill Fathers; en wel: humaniora van 1922 tot 1928 te Tilburg; philosphie van 1928 tot 1930 in Roosendaal en daarna nog theologie van sept. 1930 tot 13 febr. 1931, te Mill Hill in Engeland.<\/p>\n<p>Door zeer strenge selectie met betrekking tot gezondheid, gedrag, studie en naleving van het reglement, zijn daar in die jaren verschillen\u00acde studenten weggestuurd. Enkelen ervan hebben hun studies kunnen voortzetten in het nabijgelegen seminarie van de Afrikaanse missi\u00ebn in Hastings. Pastoor J. Lammers van Zwijndrecht schreef 8 mei 1931:<br \/> \u00ab\u00a0Gaarne geef ik een getuigschrift en wel een zeer goed van Leen de Kok. Het heeft mij werkelijk gespeten, dat hij in zulke moeilijkheden is gekomen.<br \/> Volgens mijn eerlijke en oprechte overtuiging is hij geschikt om priester te worden. Het is een eenvoudige, zeer bescheiden en brave jongen. In deze moeilijke dagen heeft hij zich gedragen zoals het behoort. Ik kan hem ten zeerste aanbevelen\u00a0\u00bb.<br \/>Op 16 september 1931 begon Leendert zijn theologie opnieuw bij de Afrikaanse Missi\u00ebn in Hastings. Hij werd op 15 juli 1933 door de eedaflegging in Bemelen, afgenomen door pater Jan Sevriens, aangenomen als lid van de S.M.A. In zijn 4de jaar theologie werd hij in Hastings op 22 december 1934 pries\u00acter ge\u00acwijd door de plaatselijke bisschop Mgr. Amigo.<\/p>\n<p>Missionaris.<\/p>\n<p>Na afronding van hun studies in juli 1935 werden 3 neomisten benoemd voor het vicariaat van Cape Coast in de Goudkust (Ghana), waaronder Leendert de Kok. Hij zou de 20ste oktober ver\u00actrekken, doch kort v\u00f3\u00f3r die datum kreeg hij plotseling en onverwacht bericht dat hij voorlopig in Nederland moest blij\u00acven om les te geven in Cadier en Keer. Op verzoek van Mgr. Porter werd zijn vertrek afgelast, omdat de bisschop voor dat jaar vanwege de economi\u00acsche crisis slechts \u00e9\u00e9n missi\u00aconaris kon aannemen. Even is nog aan de missie in Egypte gedacht. Uitein\u00acdelijk werd Leen\u00acdert tijdelijk vanaf januari 1936 benoemd als leraar\/ surveillant in het missiehuis te Cadier en Keer.<\/p>\n<p>Na een jaar, september 1936, vertrok hij naar de Beneden Volta en werd daar, na een inwerkperiode in Keta\/ Dzelukope, benoemd tot assistent in Dzodze by pater Theo Puijk. Reeds in het voorjaar van 1937 moest pater Puijk wegens gezondheid vertrek\u00acken zodat Leendert daar onverwacht pastoor werd. In juni 1938 werd hij over\u00acgeplaatst naar Kete Krachi, de meest noordelijk gelegen statie van dit missiege\u00acbied. Pastoor Jan Doeswijk was op vakantie naar Nederland. Pater Piet Mauriks had overgeno\u00acmen, doch werd spoedig na aankomst van Leendert ziek en dit betekende voor Piet zijn definitief vertrek naar Nederland. Tot de terugkeer van Jan Doeswijk in januari 1939 bleef Leen\u00acdert dan alleen in deze missiestatie.<\/p>\n<p>Gestorven.<\/p>\n<p>In juli 1939 was de jaarlijkse retraite van het vicariaat in Hohoe. Ook Leendert de Kok nam daaraan deel. Omdat hij de laatste tijd veel last had gehad van tandpijn werd hem aange\u00acraden eens naar de tandarts in Lom\u00e9 te gaan. Hij ging met confraters mee naar het zuiden, bracht een bezoek aan zijn oude statie Dzodze en ging op maandag 17 juli naar de tandarts in Lom\u00e9, liet zes tanden trekken en een kunstgebit aanmeten. Hierop wachtend in Dzodze vanwege een abces in de mond kreeg hij een flinke kaakontsteking, koorts en hevige buikpijn. Op 28 juli bracht pater Bernts hem naar het ziekenhuis in Lom\u00e9. Na aanvankelijke verbetering keerde de koorts op 10 augustus terug. De dokter constateerde een &lsquo;ent\u00e9rite infec\u00actieuse&rsquo;. Op 18 augustus verer\u00acgerde de toestand snel. Pater Riebstein van Lom\u00e9 diende hem de laatste sacramenten toe. Pater Sloots schreef op 20 augustus 1939 vanuit Keta aan de provinciaal overste, dat de zieke zich geheel aan God&rsquo;s H. Wil had overge\u00acgeven:<br \/> :\u00a0\u00bbLangzaam zei hij nog met veel moeite: &lsquo;dit is de tweede pater van Krachi; het is goed voor de bekeering van de zielen&rsquo;.Dit zijn de laatste woorden geweest van pater de Kok. Nadien heeft hij meest geslapen en als hij de oogen opende, glimlachte hij. Omstreeks tien uur in den nacht zijn P. Couenberg, P. van Goethem en ik vertrokken, terwijl P. Bernts en P. Breukel bleven waken.\u00a0\u00bb<br \/>De doodsstrijd heeft slechts enkele minuten geduurd. Hij stierf op zaterdag 19 augustus, &lsquo;s nachts om 2 uur. Hij was slec\u00achts 31 jaar oud.<\/p>\n<p>Vroeg in de morgen werd het lichaam overgebracht naar Keta. Om 8.30 uur droeg pater Bernts de plechtige Requiem mis op, geassisteerd door klasgenoot Ren\u00e9 van Goethem als diaken en Kees Breukel als subdiaken. Onder leiding van Pro-vicaris Theo Sloots werd Leendert de Kok &lsquo;s middags rond 4 uur in Keta begraven.<\/p>\n<p>Zijn klasgenoot Huub van Gastel typeerde hem aldus;<br \/> \u00ab\u00a0Pater Leendert was een gezellige man om mee te leven, was zeer goed van karakter en een ijverig missionaris. Sterk als hij was, dacht iedereen dat hem een lang leven te wachten stond. Helaas stierf hij op 31 jarige leeftijd en was daarmee onze eerste klasgenoot van de wijding 1934, die van ons heen ging. Hij zou spoedig gevolgd worden door een ander van onze klas\u00a0\u00bb.<br \/>Twee weken erna zou hun klasge\u00acnoot Ren\u00e9 van Goet\u00achem, die nog assisteerde als diaken bij Leendert&rsquo;s uitvaartdienst, naast hem begraven worden!<\/p>\n<p>Bronnen:<br \/>&#8211; Archief Nederl. Provincie S.M.A., Cadier en Keer.<br \/>&#8211; N. Douau: Biographies Missions Africaines 19.08.1939.<br \/>&#8211; Th. Sloots in Afrikaansch Missieklokje 1939, pg. 146-148. &#8211; Th. Blom in &lsquo;Onze Krant&rsquo; nr. 41, sept. 1979.<\/p>\n","protected":false},"excerpt":{"rendered":"<p>Soci\u00e9t\u00e9 des Missions Africaines \u2013 Province de Hollande n\u00e9 le 18 avril 1908 \u00e0 Rotterdamdans le dioc\u00e8se de Haarlem, Hollandemembre de la SMA le 15 juillet 1933pr\u00eatre le 22&#8230;<\/p>\n","protected":false},"author":1,"featured_media":2630,"comment_status":"open","ping_status":"open","sticky":false,"template":"","format":"standard","meta":{"footnotes":""},"categories":[3],"tags":[],"class_list":["post-2631","post","type-post","status-publish","format-standard","has-post-thumbnail","hentry","category-necrologe-sma"],"_links":{"self":[{"href":"https:\/\/www.defunts.smainternational.site\/index.php?rest_route=\/wp\/v2\/posts\/2631","targetHints":{"allow":["GET"]}}],"collection":[{"href":"https:\/\/www.defunts.smainternational.site\/index.php?rest_route=\/wp\/v2\/posts"}],"about":[{"href":"https:\/\/www.defunts.smainternational.site\/index.php?rest_route=\/wp\/v2\/types\/post"}],"author":[{"embeddable":true,"href":"https:\/\/www.defunts.smainternational.site\/index.php?rest_route=\/wp\/v2\/users\/1"}],"replies":[{"embeddable":true,"href":"https:\/\/www.defunts.smainternational.site\/index.php?rest_route=%2Fwp%2Fv2%2Fcomments&post=2631"}],"version-history":[{"count":0,"href":"https:\/\/www.defunts.smainternational.site\/index.php?rest_route=\/wp\/v2\/posts\/2631\/revisions"}],"wp:featuredmedia":[{"embeddable":true,"href":"https:\/\/www.defunts.smainternational.site\/index.php?rest_route=\/wp\/v2\/media\/2630"}],"wp:attachment":[{"href":"https:\/\/www.defunts.smainternational.site\/index.php?rest_route=%2Fwp%2Fv2%2Fmedia&parent=2631"}],"wp:term":[{"taxonomy":"category","embeddable":true,"href":"https:\/\/www.defunts.smainternational.site\/index.php?rest_route=%2Fwp%2Fv2%2Fcategories&post=2631"},{"taxonomy":"post_tag","embeddable":true,"href":"https:\/\/www.defunts.smainternational.site\/index.php?rest_route=%2Fwp%2Fv2%2Ftags&post=2631"}],"curies":[{"name":"wp","href":"https:\/\/api.w.org\/{rel}","templated":true}]}}