{"id":2710,"date":"2015-07-27T16:08:09","date_gmt":"2015-07-27T16:08:09","guid":{"rendered":"https:\/\/bkpdefunts.smainternational.info\/?p=2710"},"modified":"2015-07-27T16:08:09","modified_gmt":"2015-07-27T16:08:09","slug":"le-pere-lucien-breitel","status":"publish","type":"post","link":"https:\/\/www.defunts.smainternational.site\/?p=2710","title":{"rendered":"Le P\u00e8re Lucien BREITEL"},"content":{"rendered":"<p><strong>Soci\u00e9t\u00e9 des Missions Africaines<\/strong><\/p>\n<table style=\"height: 17px; width: 914px;\">\n<tbody>\n<tr>\n<td><img loading=\"lazy\" decoding=\"async\" class=\" size-full wp-image-2709\" src=\"https:\/\/www.defunts.smainternational.site\/wp-content\/uploads\/2015\/07\/BREITEL_Lucien.jpg\" alt=\"BREITEL Lucien\" width=\"113\" height=\"141\" \/><\/td>\n<td>n\u00e9 le 6 ao\u00fbt 1852 \u00e0 Bergheim<br \/>dans le dioc\u00e8se de Strasbourg, France<br \/>membre de la SMA le 17 d\u00e9cembre 1880<br \/>pr\u00eatre le 10 ao\u00fbt 1882<br \/>d\u00e9c\u00e9d\u00e9 le 28 ao\u00fbt 1911<\/td>\n<td>\n<p>premier Alsacien sma<br \/>m\u00e9decin<br \/>il a \u00e9t\u00e9 \u00e9conome \u00e0 Cadier en Keer<\/p>\n<p>d\u00e9c\u00e9d\u00e9 \u00e0 Notre-Dame des Hermites, Suisse, le 28 ao\u00fbt 1911<br \/>\u00e0 l\u2019\u00e2ge de 59 ans<\/p>\n<\/td>\n<\/tr>\n<\/tbody>\n<\/table>\n<p>Le p\u00e8re Lucien BREITEL (1852 &#8211; 1911)<\/p>\n<p>A Einsiedeln (Suisse), le 28 ao\u00fbt 1911, retour \u00e0 Dieu du p\u00e8re Lucien Breitel, \u00e0 l&rsquo;\u00e2ge de 59 ans.<\/p>\n<p>Lucien Breitel naquit \u00e0 Bergheim, dans le dioc\u00e8se de Strasbourg, en 1852. Il fit ses \u00e9tudes secondaires au lyc\u00e9e de Nancy, puis trois ans de m\u00e9decine aux facult\u00e9s de Grenoble et de Paris. Etudiant \u00e0 Paris, il entend le p\u00e8re Desribes pr\u00eacher sur les missions. Il laisse la m\u00e9decine et rentre aux Missions Africaines en 1879. Le p\u00e8re Planque lui demande de terminer ses \u00e9tudes de m\u00e9decine aux facult\u00e9s de Lyon et lui donnera la charge d&rsquo;infirmier au s\u00e9minaire.<\/p>\n<p>Il fait le serment en 1880 et est ordonn\u00e9 pr\u00eatre en ao\u00fbt 1882. La sant\u00e9 du p\u00e8re Breitel ne lui permet pas de partir en Afrique. Il est nomm\u00e9 professeur de rh\u00e9torique \u00e0 Richelieu. En 1886, il est nomm\u00e9 directeur de fait comme il l&rsquo;\u00e9tait d\u00e9j\u00e0 de droit. Malade, il ne peut faire la classe, mais dirigera l&rsquo;ensemble des classes comme pr\u00e9fet des \u00e9tudes. Malgr\u00e9 sa mauvaise sant\u00e9, le p\u00e8re Breitel consacre ses vacances \u00e0 des tourn\u00e9es de collectes et de recrutement en Alsace. Il est plein de sollicitude pour ses recrues qui vont \u00e0 Richelieu.<\/p>\n<p>En 1888, il passe quelques mois \u00e0 Samos pour se reposer, mais la sant\u00e9 ne revient pas et jusqu&rsquo;\u00e0 sa mort, le p\u00e8re tra\u00eenera une bronchite chronique. En 1903, il est nomm\u00e9 conseiller g\u00e9n\u00e9ral et, tout en le restant, il passe \u00e0 Keer avec toute la maison de Richelieu. Il n&rsquo;avait qu&rsquo;un d\u00e9sir, se d\u00e9vouer et se d\u00e9penser dans la mesure o\u00f9 le lui permettaient ses faibles forces.<\/p>\n<p>La bont\u00e9 et la d\u00e9licatesse constituaient le fond du caract\u00e8re du p\u00e8re Breitel. On l&rsquo;appelait toujours \u00ab\u00a0le bon p\u00e8re Breitel\u00a0\u00bb. Sous une apparence assez aust\u00e8re, il cachait un c\u0153ur d&rsquo;or. Il aimait la Soci\u00e9t\u00e9 et la maison de Lyon. Il aurait d\u00e9sir\u00e9 y aller chaque ann\u00e9e pour y faire sa retraite. Il \u00e9crit: \u00ab\u00a0J&rsquo;aurais besoin de me retremper dans notre maison m\u00e8re, dans l&rsquo;amour de Dieu et dans la pratique des vertus missionnaires.\u00a0\u00bb<\/p>\n<p>Il se trouvait en vacances, au c\u00e9l\u00e8bre p\u00e8lerinage de Notre-Dame des Ermites, \u00e0 Einsiedeln, en Suisse, lorsqu&rsquo;une crise d&rsquo;appendicite, qui d\u00e9g\u00e9n\u00e9ra en p\u00e9ritonite, l&#8217;emporta en quatre jours.<\/p>\n","protected":false},"excerpt":{"rendered":"<p>Soci\u00e9t\u00e9 des Missions Africaines n\u00e9 le 6 ao\u00fbt 1852 \u00e0 Bergheimdans le dioc\u00e8se de Strasbourg, Francemembre de la SMA le 17 d\u00e9cembre 1880pr\u00eatre le 10 ao\u00fbt 1882d\u00e9c\u00e9d\u00e9 le 28&#8230;<\/p>\n","protected":false},"author":1,"featured_media":2709,"comment_status":"open","ping_status":"open","sticky":false,"template":"","format":"standard","meta":{"footnotes":""},"categories":[3],"tags":[],"class_list":["post-2710","post","type-post","status-publish","format-standard","has-post-thumbnail","hentry","category-necrologe-sma"],"_links":{"self":[{"href":"https:\/\/www.defunts.smainternational.site\/index.php?rest_route=\/wp\/v2\/posts\/2710","targetHints":{"allow":["GET"]}}],"collection":[{"href":"https:\/\/www.defunts.smainternational.site\/index.php?rest_route=\/wp\/v2\/posts"}],"about":[{"href":"https:\/\/www.defunts.smainternational.site\/index.php?rest_route=\/wp\/v2\/types\/post"}],"author":[{"embeddable":true,"href":"https:\/\/www.defunts.smainternational.site\/index.php?rest_route=\/wp\/v2\/users\/1"}],"replies":[{"embeddable":true,"href":"https:\/\/www.defunts.smainternational.site\/index.php?rest_route=%2Fwp%2Fv2%2Fcomments&post=2710"}],"version-history":[{"count":0,"href":"https:\/\/www.defunts.smainternational.site\/index.php?rest_route=\/wp\/v2\/posts\/2710\/revisions"}],"wp:featuredmedia":[{"embeddable":true,"href":"https:\/\/www.defunts.smainternational.site\/index.php?rest_route=\/wp\/v2\/media\/2709"}],"wp:attachment":[{"href":"https:\/\/www.defunts.smainternational.site\/index.php?rest_route=%2Fwp%2Fv2%2Fmedia&parent=2710"}],"wp:term":[{"taxonomy":"category","embeddable":true,"href":"https:\/\/www.defunts.smainternational.site\/index.php?rest_route=%2Fwp%2Fv2%2Fcategories&post=2710"},{"taxonomy":"post_tag","embeddable":true,"href":"https:\/\/www.defunts.smainternational.site\/index.php?rest_route=%2Fwp%2Fv2%2Ftags&post=2710"}],"curies":[{"name":"wp","href":"https:\/\/api.w.org\/{rel}","templated":true}]}}