{"id":3504,"date":"2015-08-20T15:21:35","date_gmt":"2015-08-20T15:21:35","guid":{"rendered":"https:\/\/bkpdefunts.smainternational.info\/?p=3504"},"modified":"2015-08-20T15:21:35","modified_gmt":"2015-08-20T15:21:35","slug":"le-pere-rene-francois-guilcher","status":"publish","type":"post","link":"https:\/\/www.defunts.smainternational.site\/?p=3504","title":{"rendered":"Le P\u00e8re Ren\u00e9-Fran\u00e7ois GUILCHER"},"content":{"rendered":"<p><strong>Soci&eacute;t&eacute; des Missions Africaines &ndash; Province de Lyon<\/strong><\/p>\n<table style=\"height: 17px; width: 1036px;\">\n<tbody>\n<tr>\n<td><img loading=\"lazy\" decoding=\"async\" class=\" size-full wp-image-3503\" src=\"https:\/\/www.defunts.smainternational.site\/wp-content\/uploads\/2015\/08\/GUILCHER_Rene.jpg\" alt=\"GUILCHER Rene\" width=\"113\" height=\"141\" \/><\/td>\n<td>n&eacute; le 9 janvier 1881 &agrave; Morlaix<br \/>dans le dioc&egrave;se de Quimper, France<br \/>membre de la SMA le 22 d&eacute;cembre 1899<br \/>pr&ecirc;tre le 19 juillet 1903<br \/>d&eacute;c&eacute;d&eacute; le 14 novembre 1948<\/td>\n<td>\n<p>1903-1914 missionnaire en Egypte, Zeitoun, Tanta<br \/>1914-1918 mobilis&eacute;<br \/>1919-1921 missionnaire en Egypte<br \/>1921-1948 Lyon, l&rsquo;Echo, l&rsquo;Almanach Noir<br \/>1928-1931, conseiller provincial<br \/>1931-1937, vice provincial<br \/>historien de la Soci&eacute;t&eacute;<\/p>\n<p>d&eacute;c&eacute;d&eacute; &agrave; Lyon, France, le 14 novembre 1948,<br \/>&agrave; l&rsquo;&acirc;ge de 67 ans<\/p>\n<\/td>\n<\/tr>\n<\/tbody>\n<\/table>\n<p>Le p&egrave;re Ren&eacute;-Fran&ccedil;ois GUILCHER (1881 &#8211; 1948)<\/p>\n<p>A Lyon, le 14 novembre 1948, retour &agrave; Dieu du p&egrave;re Ren&eacute;-Fran&ccedil;ois Guilcher, &agrave; l&rsquo;&acirc;ge de 67 ans.<\/p>\n<p>N&eacute; &agrave; Morlaix, dans le dioc&egrave;se de Quimper, en 1881, Ren&eacute; Guilcher fit ses &eacute;tudes &agrave; Pont-Rousseau, Richelieu et Lyon, puis Choubrah. Asserment&eacute; en 1899, il &eacute;tait ordonn&eacute; pr&ecirc;tre en 1903. Apr&egrave;s avoir chant&eacute; sa premi&egrave;re messe au pays natal, le p&egrave;re Guilcher regagnait l&rsquo;Egypte pour y continuer l&rsquo;enseignement qu&rsquo;il avait commenc&eacute; depuis un an &agrave; l&rsquo;&eacute;cole de Zeitoun.<\/p>\n<p>Nomm&eacute; professeur au coll&egrave;ge de Tanta en 1906, il y enseigna les lettres, puis les sciences commerciales, nouant de solides amiti&eacute;s parmi les autochtones. Mobilis&eacute; en France pendant la guerre, il retourna ensuite en Egypte jusqu&rsquo;en 1921, ann&eacute;e o&ugrave;, nomm&eacute; &agrave; la maison m&egrave;re, &agrave; Lyon, il devint le d&eacute;vou&eacute; et actif collaborateur des p&egrave;res Chabert et Laqueyrie.<\/p>\n<p>Sous des apparences physiques plut&ocirc;t fr&ecirc;les, le p&egrave;re Guilcher cachait une &eacute;nergie et une capacit&eacute; de travail extraordinaires.<\/p>\n<p>En 1923, il prenait la direction de \u00ab\u00a0l&rsquo;Echo\u00a0\u00bb et de \u00ab\u00a0l&rsquo;Africain\u00a0\u00bb qui allait devenir \u00ab\u00a0l&rsquo;Almanach Noir\u00a0\u00bb. En 1928, &agrave; l&rsquo;occasion des f&ecirc;tes du centenaire du p&egrave;re Planque, le p&egrave;re Guilcher &eacute;dita une biographie: \u00ab\u00a0Un ami des Noirs: Augustin Planque\u00a0\u00bb. Il publia ensuite une s&eacute;rie de plaquettes sur la Soci&eacute;t&eacute; et ses missions.<\/p>\n<p>D&eacute;sormais, le p&egrave;re Guilcher va consacrer ses talents si divers &agrave; &eacute;tendre le rayonnement de sa ch&egrave;re Soci&eacute;t&eacute;, faire conna&icirc;tre ses &oelig;uvres et aider de multiples fa&ccedil;ons ses confr&egrave;res en mission. Durant de longues ann&eacute;es, il accumula notes et documents, lectures et recherches, avec un int&eacute;r&ecirc;t passionn&eacute; pour tout ce qui concernait le monde africain et missionnaire. Il acquit ainsi une ma&icirc;trise de son sujet qu&rsquo;il d&eacute;veloppa dans une foule d&rsquo;articles, de comptes rendus, de monographies pour de nombreuses publications. Il prit maintes fois la parole dans les congr&egrave;s et semaines internationales missionnaires.<\/p>\n<p>Conseiller provincial en 1928, vice-provincial en 1931, le p&egrave;re Guilcher prit une part active &agrave; l&rsquo;administration de la province. Il eut aussi l&rsquo;occasion de faire un voyage &agrave; la C&ocirc;te. Pr&eacute;cieux voyage pour lui, qui ne connaissait que l&rsquo;Egypte. Ce fut un voyage de documentation.<\/p>\n<p>Depuis 1938, le p&egrave;re Guilcher se consacrait plus sp&eacute;cialement &agrave; r&eacute;unir des documents pour une histoire de la Soci&eacute;t&eacute;. Le p&egrave;re Guilcher fut un &eacute;rudit, un &eacute;crivain de grand talent, un archiviste remarquable, mais surtout un pr&ecirc;tre z&eacute;l&eacute;, &agrave; la charit&eacute; in&eacute;puisable. Cette charit&eacute;, il l&rsquo;a bien montr&eacute;e comme aum&ocirc;nier du centre des r&eacute;fugi&eacute;s &agrave; Lyon, pendant la guerre. Il s&rsquo;arracha alors &agrave; ses archives, et, durant de longs mois, il fit preuve d&rsquo;un d&eacute;vouement incessant et d&rsquo;une activit&eacute; incroyable.<\/p>\n<p>Fin 1947, le p&egrave;re entrait en clinique o&ugrave; il supporta, pendant un an, un v&eacute;ritable martyre. C&rsquo;est l&agrave; qu&rsquo;il donna toute la mesure de sa foi confiante.<\/p>\n","protected":false},"excerpt":{"rendered":"<p>Soci&eacute;t&eacute; des Missions Africaines &ndash; Province de Lyon n&eacute; le 9 janvier 1881 &agrave; Morlaixdans le dioc&egrave;se de Quimper, Francemembre de la SMA le 22 d&eacute;cembre 1899pr&ecirc;tre le 19&#8230;<\/p>\n","protected":false},"author":1,"featured_media":3503,"comment_status":"open","ping_status":"open","sticky":false,"template":"","format":"standard","meta":{"footnotes":""},"categories":[3],"tags":[],"class_list":["post-3504","post","type-post","status-publish","format-standard","has-post-thumbnail","hentry","category-necrologe-sma"],"_links":{"self":[{"href":"https:\/\/www.defunts.smainternational.site\/index.php?rest_route=\/wp\/v2\/posts\/3504","targetHints":{"allow":["GET"]}}],"collection":[{"href":"https:\/\/www.defunts.smainternational.site\/index.php?rest_route=\/wp\/v2\/posts"}],"about":[{"href":"https:\/\/www.defunts.smainternational.site\/index.php?rest_route=\/wp\/v2\/types\/post"}],"author":[{"embeddable":true,"href":"https:\/\/www.defunts.smainternational.site\/index.php?rest_route=\/wp\/v2\/users\/1"}],"replies":[{"embeddable":true,"href":"https:\/\/www.defunts.smainternational.site\/index.php?rest_route=%2Fwp%2Fv2%2Fcomments&post=3504"}],"version-history":[{"count":0,"href":"https:\/\/www.defunts.smainternational.site\/index.php?rest_route=\/wp\/v2\/posts\/3504\/revisions"}],"wp:featuredmedia":[{"embeddable":true,"href":"https:\/\/www.defunts.smainternational.site\/index.php?rest_route=\/wp\/v2\/media\/3503"}],"wp:attachment":[{"href":"https:\/\/www.defunts.smainternational.site\/index.php?rest_route=%2Fwp%2Fv2%2Fmedia&parent=3504"}],"wp:term":[{"taxonomy":"category","embeddable":true,"href":"https:\/\/www.defunts.smainternational.site\/index.php?rest_route=%2Fwp%2Fv2%2Fcategories&post=3504"},{"taxonomy":"post_tag","embeddable":true,"href":"https:\/\/www.defunts.smainternational.site\/index.php?rest_route=%2Fwp%2Fv2%2Ftags&post=3504"}],"curies":[{"name":"wp","href":"https:\/\/api.w.org\/{rel}","templated":true}]}}