{"id":383,"date":"1902-01-09T16:16:03","date_gmt":"1902-01-09T16:16:03","guid":{"rendered":"https:\/\/bkpdefunts.smainternational.info\/?p=383"},"modified":"2024-02-17T09:00:52","modified_gmt":"2024-02-17T09:00:52","slug":"le-pere-charles-spieser","status":"publish","type":"post","link":"https:\/\/www.defunts.smainternational.site\/?p=383","title":{"rendered":"Le P\u00e8re Charles SPIESER"},"content":{"rendered":"<p><strong>Soci\u00e9t\u00e9 des Missions Africaines<\/strong><\/p>\n<table style=\"height: 17px; width: 730px;\">\n<tbody>\n<tr>\n<td>&nbsp;<\/td>\n<td>n\u00e9 le 6 janvier 1866 \u00e0 Ergersheim<br \/>dans le dioc\u00e8se de Strasbourg, France<br \/>membre de la SMA le&nbsp;<br \/>pr\u00eatre le 14 juillet 1889<br \/>d\u00e9c\u00e9d\u00e9 le 9 janvier 1902<\/td>\n<td>\n<p>1889-1896 Cork, professeur<br \/>1897-1902 missionnaire en Nigeria occidentale<\/p>\n<p>d\u00e9c\u00e9d\u00e9 \u00e0 Lagos, Nigeria, le 9 janvier 1902,<br \/>\u00e0 l\u2019\u00e2ge de 36 ans<\/p>\n<\/td>\n<\/tr>\n<\/tbody>\n<\/table>\n<p>Le p\u00e8re Charles SPIESER (1866 &#8211; 1902)<\/p>\n<p>A Lagos, le 9 janvier 1902, retour \u00e0 Dieu du p\u00e8re Charles Spieser, \u00e0 l&rsquo;\u00e2ge de 36 ans.<\/p>\n<p>Charles Spieser naquit \u00e0 Ergersheim (Bas-Rhin), dans le dioc\u00e8se de Strasbourg, le 6 janvier 1866. Il fit ses \u00e9tudes secondaires \u00e0 Richelieu et entra \u00e0 Lyon en 1885. Ayant \u00e9mis le serment l&rsquo;ann\u00e9e suivante, il est ordonn\u00e9 pr\u00eatre le 14 juillet 1889.<\/p>\n<p>Le p\u00e8re Planque l&rsquo;envoya \u00e0 Cork seconder le p\u00e8re Zimmermann. Il y alla sans beaucoup de go\u00fbt, mais, docile, \u00ab\u00a0il se donna tout entier au bien spirituel et temporel de l&rsquo;\u00e9cole apostolique parce que c&rsquo;\u00e9tait la volont\u00e9 de Dieu\u00a0\u00bb. Pendant les 7 ans qu&rsquo;il y passa, il semble avoir beaucoup souffert, surtout moralement. Il s&rsquo;en ouvre dans ses lettres au p\u00e8re Planque et demande plusieurs fois \u00e0 partir. \u00ab\u00a0Je suis compl\u00e8tement \u00e0 vos ordres, \u00e9crit-il, mais ici ma conscience n&rsquo;est pas \u00e0 l&rsquo;aise\u00a0\u00bb. C&rsquo;est pr\u00e8s du Christ qu&rsquo;il va puiser la force et le courage: \u00ab\u00a0Quand \u00e7a ne va plus, je vais \u00e0 la chapelle\u00a0\u00bb.<\/p>\n<p>Rappel\u00e9 \u00e0 Lyon en 1896, il s&#8217;embarque pour le vicariat de la C\u00f4te du B\u00e9nin le 15 novembre 1897. Il y travailla un peu plus de 4 ans, laissant partout le souvenir d&rsquo;un missionnaire z\u00e9l\u00e9 et pieux.<\/p>\n<p>Il mourut de la fi\u00e8vre bilieuse h\u00e9maturique, apr\u00e8s trois jours de maladie. Il put se pr\u00e9parer \u00e0 la mort, en pleine conscience, avec beaucoup de ferveur et de tranquillit\u00e9. Il s&rsquo;\u00e9tait beaucoup fait admirer pour son grand amour envers la sainte Eucharistie: la mani\u00e8re dont il re\u00e7ut le saint Viatiaue a profond\u00e9ment \u00e9mu et \u00e9difi\u00e9 tous les assistants.<\/p>\n<p>Retenons du p\u00e8re Charles Spieser sa grande pi\u00e9t\u00e9 eucharistique et sa r\u00e9gularit\u00e9 dans le devoir d&rsquo;\u00e9tat.<\/p>\n","protected":false},"excerpt":{"rendered":"<p>Soci\u00e9t\u00e9 des Missions Africaines &nbsp; n\u00e9 le 6 janvier 1866 \u00e0 Ergersheimdans le dioc\u00e8se de Strasbourg, Francemembre de la SMA le&nbsp;pr\u00eatre le 14 juillet 1889d\u00e9c\u00e9d\u00e9 le 9 janvier 1902&#8230;<\/p>\n","protected":false},"author":1,"featured_media":0,"comment_status":"open","ping_status":"open","sticky":false,"template":"","format":"standard","meta":{"footnotes":""},"categories":[3],"tags":[],"class_list":["post-383","post","type-post","status-publish","format-standard","hentry","category-necrologe-sma"],"_links":{"self":[{"href":"https:\/\/www.defunts.smainternational.site\/index.php?rest_route=\/wp\/v2\/posts\/383","targetHints":{"allow":["GET"]}}],"collection":[{"href":"https:\/\/www.defunts.smainternational.site\/index.php?rest_route=\/wp\/v2\/posts"}],"about":[{"href":"https:\/\/www.defunts.smainternational.site\/index.php?rest_route=\/wp\/v2\/types\/post"}],"author":[{"embeddable":true,"href":"https:\/\/www.defunts.smainternational.site\/index.php?rest_route=\/wp\/v2\/users\/1"}],"replies":[{"embeddable":true,"href":"https:\/\/www.defunts.smainternational.site\/index.php?rest_route=%2Fwp%2Fv2%2Fcomments&post=383"}],"version-history":[{"count":1,"href":"https:\/\/www.defunts.smainternational.site\/index.php?rest_route=\/wp\/v2\/posts\/383\/revisions"}],"predecessor-version":[{"id":4605,"href":"https:\/\/www.defunts.smainternational.site\/index.php?rest_route=\/wp\/v2\/posts\/383\/revisions\/4605"}],"wp:attachment":[{"href":"https:\/\/www.defunts.smainternational.site\/index.php?rest_route=%2Fwp%2Fv2%2Fmedia&parent=383"}],"wp:term":[{"taxonomy":"category","embeddable":true,"href":"https:\/\/www.defunts.smainternational.site\/index.php?rest_route=%2Fwp%2Fv2%2Fcategories&post=383"},{"taxonomy":"post_tag","embeddable":true,"href":"https:\/\/www.defunts.smainternational.site\/index.php?rest_route=%2Fwp%2Fv2%2Ftags&post=383"}],"curies":[{"name":"wp","href":"https:\/\/api.w.org\/{rel}","templated":true}]}}