{"id":472,"date":"2010-01-18T15:40:58","date_gmt":"2010-01-18T15:40:58","guid":{"rendered":"https:\/\/bkpdefunts.smainternational.info\/?p=472"},"modified":"2024-02-17T18:01:22","modified_gmt":"2024-02-17T18:01:22","slug":"le-frere-joseph-laska","status":"publish","type":"post","link":"https:\/\/www.defunts.smainternational.site\/?p=472","title":{"rendered":"Le Fr\u00e8re Joseph LASKA"},"content":{"rendered":"<p><strong>Soci\u00e9t\u00e9 des Missions Africaines \u2013 Province de Lyon<\/strong><\/p>\n<table style=\"height: 17px; width: 925px;\">\n<tbody>\n<tr>\n<td><img loading=\"lazy\" decoding=\"async\" class=\" size-full wp-image-471\" src=\"https:\/\/www.defunts.smainternational.site\/wp-content\/uploads\/2014\/12\/laska_joseph.jpg\" alt=\"laska joseph\" width=\"113\" height=\"135\" \/><\/td>\n<td>n\u00e9 le 27 juin 1915 \u00e0 Prokowo (Pologne<br \/>dans le dioc\u00e8se de Chetmno<br \/>membre de la SMA le 24 juin 1936<br \/>engagement d\u00e9finitif le 24 juin 1942<br \/>d\u00e9c\u00e9d\u00e9 le 18 janvier 2010<\/td>\n<td>\n<p>1936-1940 Haguenau, imprimerie<\/p>\n<p>1940-1995 Lyon, 150, imprimerie<br \/>1995-2010 Montferrier, retir\u00e9<\/p>\n<p>d\u00e9c\u00e9d\u00e9 \u00e0 Montferrier-sur-Lez, le 18 janvier 2010,<br \/>\u00e0 l\u2019\u00e2ge de 94 ans<\/p>\n<\/td>\n<\/tr>\n<\/tbody>\n<\/table>\n<p>Le fr\u00e8re Joseph LASKA (1915 &#8211; 2010)<\/p>\n<p>Avec le fr\u00e8re Joseph Laska dispara\u00eet le dernier repr\u00e9sentant de la premi\u00e8re g\u00e9n\u00e9ration des sma polonais rentr\u00e9s \u00e0 Ninino avant la guerre de 39-45.<\/p>\n<p>Il est n\u00e9 \u00e0 Chetmno le 27 juin 1915, dans le dioc\u00e8se de Prokowo, en Pologne. Apr\u00e8s ses \u00e9tudes primaires dans sa ville natale, il fait quatre ann\u00e9es d&rsquo;\u00e9tudes secondaires \u00e0 Kartuzy, dans la r\u00e9gion de Gdansk. C&rsquo;est alors qu&rsquo;il rentre aux Missions Africaines, \u00e0 Ninino, pas loin de Poznan le 1er mai 1933 : il va avoir 18 ans. Quand il arrive l&rsquo;ann\u00e9e suivante \u00e0 Vigneulles pour y faire ses deux ans de noviciat comme aspirant fr\u00e8re, le sup\u00e9rieur note dans son dossier : \u00ab\u00a0Parle un peu le fran\u00e7ais, n&rsquo;a aucun m\u00e9tier, mais travaille bien pour l&rsquo;agriculture.\u00a0\u00bb (01\/06\/1934). Deux ans plus tard, au moment d&rsquo;\u00e9mettre son premier serment, on dit de lui : \u00ab\u00a0Consciencieux, intelligence pratique, parle assez bien le fran\u00e7ais, r\u00e9pare assez bien les souliers.\u00a0\u00bb (27\/05\/1936). Quand il fait sa demande de renouvellement de son serment en 1938, il pr\u00e9cise : \u00ab\u00a0Je suis d\u00e9cid\u00e9 de faire toujours mon devoir. Je fais ma demande en connaissance de cause et par motif surnaturel\u00a0\u00bb. (28\/05\/1938) Il r\u00e9p\u00e9tera cette m\u00eame formule pour sa demande de serment perp\u00e9tuel en 1942. D\u00e8s la fin de son noviciat, en 1936, il est envoy\u00e9 \u00e0 Haguenau, maison de la Province de Strasbourg, \u00e0 laquelle sont rattach\u00e9s alors les confr\u00e8res venus de Pologne. Il travaille \u00e0 l&rsquo;imprimerie.<\/p>\n<p>Printemps 1940, c&rsquo;est l&rsquo;invasion allemande dans l&rsquo;est de la France. Il faut quitter la place. Haguenau est \u00e9vacu\u00e9e : le fr\u00e8re Joseph est alors envoy\u00e9 \u00e0 Lyon, au cours Gambetta. Nous sommes le 25 mai 1940. Sa place est toute trouv\u00e9e, c&rsquo;est l&rsquo;imprimerie ; il va y travailler, dans les catacombes du 150 comme il aimait \u00e0 le dire lui-m\u00eame, c&rsquo;est-\u00e0-dire dans le sous-sol, jusqu&rsquo;au 15 mars 1995, date \u00e0 laquelle il rejoindra la maison de Montferrier : 55 ans de t\u00e2che obscure, cach\u00e9e, dans le bruit des machines, \u00e0 l&rsquo;abri des regards, discret mais efficace, toujours serviable, payant de sa personne pour finir \u00e0 temps un travail que les confr\u00e8res attendent, un vrai professionnel, amoureux du travail bien fait, ennemi de l&rsquo;improvisation et de l&rsquo;\u00e0-peu-pr\u00e8s, toujours disponible, un confr\u00e8re heureux, plein d&rsquo;humour, estim\u00e9 de ses confr\u00e8res pour ce qu&rsquo;il \u00e9tait et pour l&rsquo;attention qu&rsquo;il portait \u00e0 chacun.<\/p>\n<p>Il est incorpor\u00e9 \u00e0 la Province de Lyon le 3 mai 1947. \u00ab\u00a0J&rsquo;ai le plaisir de vous annoncer que, par une lettre en date du 5 mai 1947, le tr\u00e8s r\u00e9v\u00e9rend p\u00e8re sup\u00e9rieur g\u00e9n\u00e9ral nous signale que le Conseil g\u00e9n\u00e9ralice a accept\u00e9 votre transfert de la Province de Strasbourg \u00e0 celle de Lyon. A partir de ce jour, vous faites partie de notre Province de Lyon, et nous sommes s\u00fbrs que vous vous emploierez de tout votre c\u0153ur aux t\u00e2ches que vous seront confi\u00e9es.\u00a0\u00bb (09\/05\/1947)<\/p>\n<p>Membre d&rsquo;une Soci\u00e9t\u00e9 missionnaire pendant pr\u00e8s de 75 ans, n&rsquo;aurait-il jamais connu l&rsquo;Afrique ? Si. Il la d\u00e9couvre au cours d&rsquo;un voyage en f\u00e9vrier et mars 1972. Sur une proposition de ses sup\u00e9rieurs, il visite les missions de C\u00f4te d&rsquo;Ivoire et du B\u00e9nin, en partie avec un membre du Conseil provincial, et chacun est heureux de l&rsquo;accueillir, de lui faire d\u00e9couvrir un pays qu&rsquo;il ne connaissait que par les \u00e9crits qui passaient entre ses mains, de lui faire conna\u00eetre certains aspects de la vie dont il avait r\u00eav\u00e9, de lui montrer aussi l&rsquo;utilit\u00e9 de son travail d&rsquo;imprimeur. Voici ce que lui dit le p\u00e8re provincial le jour de son jubil\u00e9 d&rsquo;or en 1986 :<\/p>\n<p>\u00ab\u00a0Essayons d&rsquo;imaginer un instant ce qu&rsquo;aurait \u00e9t\u00e9 la vie des missionnaires qui durant 50 ans ont eu la joie d&rsquo;\u0153uvrer sur le terrain en Afrique, sans le travail obscur du fr\u00e8re Joseph. Le fr\u00e8re leur a tout simplement fourni le mat\u00e9riel n\u00e9cessaire et indispensable pour mener \u00e0 bien leur t\u00e2che missionnaire : livres de cat\u00e9ch\u00e8ses, missels en diverses langues, traductions des \u00e9vangiles, etc. Ceci pour l&rsquo;Afrique. Et lorsque, de plus, on regarde la somme des publications pass\u00e9es entre ses mains pour \u00e9veiller la conscience missionnaire des chr\u00e9tiens d&rsquo;Europe : l&rsquo;Almanach noir, l&rsquo;Echo des Missions Africaines, P\u00e8re, parlez-nous de votre Afrique, Datine le Derba, le calendrier annuel et j&rsquo;en passe\u2026, lorsqu&rsquo;on voit tout ce travail, on peut dire en toute v\u00e9rit\u00e9 que le fr\u00e8re Laska a \u00e9t\u00e9, derri\u00e8re sa rotative, un grand missionnaire pour l&rsquo;Afrique. Combien de jeunes n&rsquo;ont-ils pas r\u00e9pondu \u00e0 la vocation missionnaire, en lisant l&rsquo;une de ces nombreuses publications, sans se rendre compte qu&rsquo;elles \u00e9taient le fruit du travail fastidieux d&rsquo;un petit fr\u00e8re dans les sous-sols du 150 ?\u00a0\u00bb<\/p>\n<p>En 1956, il avait eu la joie de retourner dans son pays. Quelle \u00e9motion, mais aussi quelle joie : \u00ab\u00a0Je me trouve d\u00e9j\u00e0 chez moi. C&rsquo;est apr\u00e8s quatre jours de voyage que je suis arriv\u00e9 finalement chez ma m\u00e8re. Mon voyage \u00e9tait assez p\u00e9nible, mais la joie \u00e9tait plus grande une fois \u00e0 la maison.\u00a0\u00bb (08\/08\/1956) Plus tard, en 1967, il demandera et obtiendra d&rsquo;\u00eatre naturalis\u00e9 fran\u00e7ais. En plus de son travail d&rsquo;imprimeur, il se sp\u00e9cialise dans la r\u00e9paration des montres. Comment ? Il est all\u00e9 chez un horloger \u00e0 Lyon, lui a demand\u00e9 des conseils, quelques outils, et ainsi, petit \u00e0 petit, par la pratique, il est devenu un bon r\u00e9parateur. De nombreux confr\u00e8res ont eu recours \u00e0 ses services. A Montferrier, il a continu\u00e9 cette activit\u00e9 tant que sa vue le lui a permis.<\/p>\n<p>En 1969, un grave accident de mobylette l&rsquo;arr\u00eate pendant plus d&rsquo;une ann\u00e9e. A cette \u00e9poque, on roulait sans casque de protection. Responsable en rien dans cet accident, il s&rsquo;en tire avec un traumatisme cr\u00e2nien sans perte de connaissance, une luxation \u00e0 l&rsquo;\u00e9paule gauche et une fracture du f\u00e9mur droit. Pour l&rsquo;anecdote, on peut noter parmi les sommes rembours\u00e9es par les assurances : 3.500 francs au titre du pretium doloris et 500 francs au titre du pr\u00e9judice esth\u00e9tique (!) Le Conseil provincial porte ces deux sommes au cr\u00e9dit du fr\u00e8re, en terminant sa lettre par ces deux mots : \u00ab\u00a0Bonne sant\u00e9 !\u00a0\u00bb<\/p>\n<p>En 1987 (il a alors 72 ans), la Province lui demande s&rsquo;il veut prendre sa retraite (bien m\u00e9rit\u00e9e) \u00e0 Montferrier, ou s&rsquo;il veut encore continuer son travail \u00e0 l&rsquo;imprimerie (02\/05\/1987). Il r\u00e9pond : \u00ab\u00a0En r\u00e9ponse \u00e0 votre aimable lettre, je crois que je peux encore travailler au 150, car la Providence m&rsquo;accorde encore une sant\u00e9 respectable. En plus, je ne voudrais pas croiser d\u00e9j\u00e0 les bras. Mon plus grand plaisir, c&rsquo;est de rendre encore les petits services pour la mission et pour la plus grande gloire de Dieu.\u00a0\u00bb (16\/05\/1987) Il est donc renomm\u00e9 au 150. Mais en 1993, la Province l&rsquo;avertit officiellement que l&rsquo;imprimerie du 150 va dispara\u00eetre et lui adresse une lettre de remerciement pour tout le travail accompli. \u00ab\u00a0La fin de ce travail vous touche tr\u00e8s certainement. [\u2026] De la m\u00eame mani\u00e8re, le confr\u00e8re qui doit quitter sa mission, ou son pays d&rsquo;accueil, a aussi le c\u0153ur meurtri. [\u2026] A partir du sous-sol du 150, vous avez beaucoup \u0153uvr\u00e9 pour la mission. Au moment o\u00f9 toute trace mat\u00e9rielle de cet important service va dispara\u00eetre, le souvenir ne peut s&rsquo;en effacer chez ceux qui en ont \u00e9t\u00e9 les b\u00e9n\u00e9ficiaires.\u00a0\u00bb (27\/10\/1993)<\/p>\n<p>Il rejoint la maison de Montferrier en mars 1995, le m\u00eame jour que je fr\u00e8re Fran\u00e7ois. L\u00e0, il continue \u00e0 \u00eatre le confr\u00e8re un peu effac\u00e9, mais de tr\u00e8s bonne compagnie, que chacun appr\u00e9ciait. La r\u00e9paration des montres l&rsquo;occupera encore pendant quelques ann\u00e9es. Ces derniers mois, ses forces d\u00e9clinaient peu \u00e0 peu, mais rien ne laissait pr\u00e9voir une issue aussi rapide. Le 18 janvier 2010, apr\u00e8s le repas du soir qu&rsquo;il avait pris normalement au r\u00e9fectoire, on l&rsquo;avait aid\u00e9 \u00e0 se mettre au lit. Deux heures plus tard, l&rsquo;un des membres du personnel est mont\u00e9 dans sa chambre pour voir si tout allait bien. Il \u00e9tait mort sans d\u00e9ranger personne\u2026<\/p>\n<p>En guise de conclusion, voici quelques lignes du sup\u00e9rieur actuel du District-en-formation Pologne : \u00ab\u00a0Pour nous, les jeunes polonais du District-en-formation Pologne, le d\u00e9c\u00e8s du fr\u00e8re Joseph Laska termine une \u00e9poque d&rsquo;histoire de la SMA en Pologne, li\u00e9e avec la maison de formation \u00e0 Ninino et avec les premi\u00e8res structures de la SMA dans notre pays. L&rsquo;ouverture du petit s\u00e9minaire sma \u00e0 Ninino le 15 septembre 1931 a donn\u00e9 le commencement de l&rsquo;histoire de la SMA en Pologne, et elle continuait avec l&rsquo;engagement des missionnaires polonais en Afrique et en Europe pour la Mission. Aujourd&rsquo;hui, nous sommes conscients d&rsquo;un h\u00e9ritage spirituel re\u00e7u de nos confr\u00e8res qui nous ont pr\u00e9c\u00e9d\u00e9s, et nous sommes fiers de leurs t\u00e9moignages qu&rsquo;ils ont donn\u00e9s pour que l&rsquo;\u00e9vangile du Christ soit connu parmi les peuples africains.\u00a0\u00bb (20\/01\/2010)<\/p>\n","protected":false},"excerpt":{"rendered":"<p>Soci\u00e9t\u00e9 des Missions Africaines \u2013 Province de Lyon n\u00e9 le 27 juin 1915 \u00e0 Prokowo (Polognedans le dioc\u00e8se de Chetmnomembre de la SMA le 24 juin 1936engagement d\u00e9finitif le&#8230;<\/p>\n","protected":false},"author":1,"featured_media":471,"comment_status":"open","ping_status":"open","sticky":false,"template":"","format":"standard","meta":{"footnotes":""},"categories":[3],"tags":[],"class_list":["post-472","post","type-post","status-publish","format-standard","has-post-thumbnail","hentry","category-necrologe-sma"],"_links":{"self":[{"href":"https:\/\/www.defunts.smainternational.site\/index.php?rest_route=\/wp\/v2\/posts\/472","targetHints":{"allow":["GET"]}}],"collection":[{"href":"https:\/\/www.defunts.smainternational.site\/index.php?rest_route=\/wp\/v2\/posts"}],"about":[{"href":"https:\/\/www.defunts.smainternational.site\/index.php?rest_route=\/wp\/v2\/types\/post"}],"author":[{"embeddable":true,"href":"https:\/\/www.defunts.smainternational.site\/index.php?rest_route=\/wp\/v2\/users\/1"}],"replies":[{"embeddable":true,"href":"https:\/\/www.defunts.smainternational.site\/index.php?rest_route=%2Fwp%2Fv2%2Fcomments&post=472"}],"version-history":[{"count":1,"href":"https:\/\/www.defunts.smainternational.site\/index.php?rest_route=\/wp\/v2\/posts\/472\/revisions"}],"predecessor-version":[{"id":4690,"href":"https:\/\/www.defunts.smainternational.site\/index.php?rest_route=\/wp\/v2\/posts\/472\/revisions\/4690"}],"wp:featuredmedia":[{"embeddable":true,"href":"https:\/\/www.defunts.smainternational.site\/index.php?rest_route=\/wp\/v2\/media\/471"}],"wp:attachment":[{"href":"https:\/\/www.defunts.smainternational.site\/index.php?rest_route=%2Fwp%2Fv2%2Fmedia&parent=472"}],"wp:term":[{"taxonomy":"category","embeddable":true,"href":"https:\/\/www.defunts.smainternational.site\/index.php?rest_route=%2Fwp%2Fv2%2Fcategories&post=472"},{"taxonomy":"post_tag","embeddable":true,"href":"https:\/\/www.defunts.smainternational.site\/index.php?rest_route=%2Fwp%2Fv2%2Ftags&post=472"}],"curies":[{"name":"wp","href":"https:\/\/api.w.org\/{rel}","templated":true}]}}