{"id":5040,"date":"2024-05-29T07:41:55","date_gmt":"2024-05-29T07:41:55","guid":{"rendered":"https:\/\/www.defunts.smainternational.site\/?p=5040"},"modified":"2024-05-29T07:48:58","modified_gmt":"2024-05-29T07:48:58","slug":"le-pere-joseph-andre","status":"publish","type":"post","link":"https:\/\/www.defunts.smainternational.site\/?p=5040","title":{"rendered":"Le p\u00e8re Joseph ANDR\u00c9"},"content":{"rendered":"\n<figure class=\"wp-block-image alignleft size-large is-resized\"><img loading=\"lazy\" decoding=\"async\" width=\"745\" height=\"1024\" src=\"https:\/\/www.defunts.smainternational.site\/wp-content\/uploads\/2024\/05\/joseph-andre-745x1024.jpg\" alt=\"\" class=\"wp-image-5041\" style=\"width:324px;height:auto\" srcset=\"https:\/\/www.defunts.smainternational.site\/wp-content\/uploads\/2024\/05\/joseph-andre-745x1024.jpg 745w, https:\/\/www.defunts.smainternational.site\/wp-content\/uploads\/2024\/05\/joseph-andre-218x300.jpg 218w, https:\/\/www.defunts.smainternational.site\/wp-content\/uploads\/2024\/05\/joseph-andre-768x1056.jpg 768w, https:\/\/www.defunts.smainternational.site\/wp-content\/uploads\/2024\/05\/joseph-andre-1117x1536.jpg 1117w, https:\/\/www.defunts.smainternational.site\/wp-content\/uploads\/2024\/05\/joseph-andre.jpg 1251w\" sizes=\"auto, (max-width: 745px) 100vw, 745px\" \/><\/figure>\n\n\n\n<p class=\"has-header-background-color has-text-color has-link-color has-large-font-size wp-elements-fd257a4af50a1dd2e0b6f9c66283f17b\">Le p\u00e8re Joseph Andr\u00e9<br>d\u00e9c\u00e9d\u00e9 le dimanche 26 mai \u00e0 Montferrier.<br>Ses fun\u00e9railles ont \u00e9t\u00e9 c\u00e9l\u00e9br\u00e9es<br>Le mercredi 29 mai 2023 \u00e0 10 h 15<br>en la chapelle de la maison de Montferrier<\/p>\n\n\n\n<hr class=\"wp-block-separator has-alpha-channel-opacity\"\/>\n\n\n\n<p class=\"has-header-background-color has-text-color has-link-color has-normal-font-size wp-elements-b589e4c745b3dfe5a53633d954b4fbc4\"><strong>N\u00e9 le 30 juillet 1944 \u00e0 Lusanger (Loire-Atlantique), dioc\u00e8se de Nantes<br>Ordonn\u00e9 le 11 juillet 1971<br>1971-1972 : \u00e0 Lyon, \u00e9tudes aux facult\u00e9s catholiques<br>1972-1978 : \u00e0 Ouaninou (RCI, Man), en paroisse<br>1978-1981 : \u00e0 Lyon, \u00e9tudes d\u2019infirmier<br>1981-1997 : \u00e0 B\u00e9lembok\u00e9 (RCA, Berb\u00e9rati), en paroisse<br>19971998 : \u00e0 Paris, en ann\u00e9e sabbatique<br>1998-2004 : \u00e0 Berb\u00e9rati, \u00e0 la procure du dioc\u00e8se<br>2004 : \u00e0 Chaponost, en ann\u00e9e sabbatique<br>2005-2011 : \u00e0 Chaponost, responsable de la maison<br>2011-2014 : \u00e0 Lyon<br>2014-2015 : \u00e0 Rez\u00e9<br>2015-2024 : \u00e0 Montferrier<\/strong><\/p>\n\n\n\n<hr class=\"wp-block-separator has-alpha-channel-opacity\"\/>\n\n\n\n<p class=\"has-dark-shade-color has-text-color has-link-color has-normal-font-size wp-elements-6aba1f6314d1df92a119fba80fce3f02\"><\/p>\n","protected":false},"excerpt":{"rendered":"<p>Le p\u00e8re Joseph Andr\u00e9d\u00e9c\u00e9d\u00e9 le dimanche 26 mai \u00e0 Montferrier.Ses fun\u00e9railles ont \u00e9t\u00e9 c\u00e9l\u00e9br\u00e9esLe mercredi 29 mai 2023 \u00e0 10 h 15en la chapelle de la maison de Montferrier&#8230;<\/p>\n","protected":false},"author":4,"featured_media":0,"comment_status":"open","ping_status":"open","sticky":false,"template":"","format":"standard","meta":{"footnotes":""},"categories":[3],"tags":[],"class_list":["post-5040","post","type-post","status-publish","format-standard","hentry","category-necrologe-sma"],"_links":{"self":[{"href":"https:\/\/www.defunts.smainternational.site\/index.php?rest_route=\/wp\/v2\/posts\/5040","targetHints":{"allow":["GET"]}}],"collection":[{"href":"https:\/\/www.defunts.smainternational.site\/index.php?rest_route=\/wp\/v2\/posts"}],"about":[{"href":"https:\/\/www.defunts.smainternational.site\/index.php?rest_route=\/wp\/v2\/types\/post"}],"author":[{"embeddable":true,"href":"https:\/\/www.defunts.smainternational.site\/index.php?rest_route=\/wp\/v2\/users\/4"}],"replies":[{"embeddable":true,"href":"https:\/\/www.defunts.smainternational.site\/index.php?rest_route=%2Fwp%2Fv2%2Fcomments&post=5040"}],"version-history":[{"count":1,"href":"https:\/\/www.defunts.smainternational.site\/index.php?rest_route=\/wp\/v2\/posts\/5040\/revisions"}],"predecessor-version":[{"id":5042,"href":"https:\/\/www.defunts.smainternational.site\/index.php?rest_route=\/wp\/v2\/posts\/5040\/revisions\/5042"}],"wp:attachment":[{"href":"https:\/\/www.defunts.smainternational.site\/index.php?rest_route=%2Fwp%2Fv2%2Fmedia&parent=5040"}],"wp:term":[{"taxonomy":"category","embeddable":true,"href":"https:\/\/www.defunts.smainternational.site\/index.php?rest_route=%2Fwp%2Fv2%2Fcategories&post=5040"},{"taxonomy":"post_tag","embeddable":true,"href":"https:\/\/www.defunts.smainternational.site\/index.php?rest_route=%2Fwp%2Fv2%2Ftags&post=5040"}],"curies":[{"name":"wp","href":"https:\/\/api.w.org\/{rel}","templated":true}]}}