{"id":5062,"date":"2024-07-26T09:20:25","date_gmt":"2024-07-26T09:20:25","guid":{"rendered":"https:\/\/www.defunts.smainternational.site\/?p=5062"},"modified":"2025-02-10T11:26:49","modified_gmt":"2025-02-10T11:26:49","slug":"le-pere-pierre-jaboulay","status":"publish","type":"post","link":"https:\/\/www.defunts.smainternational.site\/?p=5062","title":{"rendered":"Le P\u00e8re Pierre Jaboulay"},"content":{"rendered":"\n<div class=\"wp-block-group is-nowrap is-layout-flex wp-container-core-group-is-layout-6c531013 wp-block-group-is-layout-flex\">\n<figure class=\"wp-block-image size-medium is-resized\"><img loading=\"lazy\" decoding=\"async\" width=\"207\" height=\"300\" src=\"https:\/\/www.defunts.smainternational.site\/wp-content\/uploads\/2024\/07\/pierre_jaboulay-1-207x300.jpg\" alt=\"\" class=\"wp-image-5065\" style=\"width:324px;height:auto\" srcset=\"https:\/\/www.defunts.smainternational.site\/wp-content\/uploads\/2024\/07\/pierre_jaboulay-1-207x300.jpg 207w, https:\/\/www.defunts.smainternational.site\/wp-content\/uploads\/2024\/07\/pierre_jaboulay-1-706x1024.jpg 706w, https:\/\/www.defunts.smainternational.site\/wp-content\/uploads\/2024\/07\/pierre_jaboulay-1-768x1115.jpg 768w, https:\/\/www.defunts.smainternational.site\/wp-content\/uploads\/2024\/07\/pierre_jaboulay-1.jpg 800w\" sizes=\"auto, (max-width: 207px) 100vw, 207px\" \/><\/figure>\n\n\n\n<p class=\"has-large-font-size\"><\/p>\n<\/div>\n\n\n\n<p class=\"has-black-color has-text-color has-link-color has-normal-font-size wp-elements-ddbef9d9f46acb6b0f4b6c0a1b16ab5a\">N\u00e9 le 9 juin 1935 \u00e0 Izieux (Loire), dioc\u00e8se de Lyon<br>Ordonn\u00e9 le 30 juin 1963<br>1963-1964 : \u00e0 Lyon, ann\u00e9e pastorale<br>1964-1965 : \u00e0 Pont-Rousseau, professeur au petit-s\u00e9minaire<br>1965-1972 : \u00e0 Abengourou (RCI), en paroisse<br>1972-1973 : \u00e0 Chamali\u00e8res, sup\u00e9rieur du noviciat<br>1974-1976 : \u00e0 Abengourou, responsable du secteur de Yakass\u00e9<br>1976-1977 : \u00e0 Zinder (Niger), cur\u00e9<br>1978-1980 : \u00e0 Agnibil\u00e9krou (Abengourou), cur\u00e9<br>1980-1982 : \u00e0 T\u00e9hibi-Bouna (Abengourou), cur\u00e9<br>1982-1983 : \u00e0 Bongouanou (Abengourou), cur\u00e9<br>1983-1988 : \u00e0 T\u00e9hini-Bouna (Bondoukou, RCI), en paroisse<br>1988-1989 : \u00e0 Lyon-150, ann\u00e9e sabbatique<br>1989-1991 : \u00e0 Niamey (Niger), pr\u00e9sence en quartier<br>1991-1999 : \u00e0 Sand\u00e9gu\u00e9 (Bondoukou), cur\u00e9<br>1999-2000 : \u00e0 Arcens (Viviers), ann\u00e9e sabbatique<br>2000-2001 : \u00e0 Doropo (Bondoukou), reponsable<br>2002-2003 : \u00e0 Chaponost, animation missionnaire<br>2003-2013 : \u00e0 Saint Christo en Jarez, en paroisse<br>2014-2024 : \u00e0 Montferrier, r\u00e9sident et organiste<\/p>\n\n\n\n<hr class=\"wp-block-separator has-alpha-channel-opacity\"\/>\n\n\n\n<figure class=\"wp-block-gallery has-nested-images columns-default is-cropped wp-block-gallery-1 is-layout-flex wp-block-gallery-is-layout-flex\">\n<figure class=\"wp-block-image size-large\"><img loading=\"lazy\" decoding=\"async\" width=\"800\" height=\"560\" data-id=\"5074\" src=\"https:\/\/www.defunts.smainternational.site\/wp-content\/uploads\/2024\/07\/D_009_006_032.jpg\" alt=\"\" class=\"wp-image-5074\" srcset=\"https:\/\/www.defunts.smainternational.site\/wp-content\/uploads\/2024\/07\/D_009_006_032.jpg 800w, https:\/\/www.defunts.smainternational.site\/wp-content\/uploads\/2024\/07\/D_009_006_032-300x210.jpg 300w, https:\/\/www.defunts.smainternational.site\/wp-content\/uploads\/2024\/07\/D_009_006_032-768x538.jpg 768w\" sizes=\"auto, (max-width: 800px) 100vw, 800px\" \/><figcaption class=\"wp-element-caption\">Ordination le 30 juin 1963<\/figcaption><\/figure>\n\n\n\n<figure class=\"wp-block-image size-large is-style-default\"><img loading=\"lazy\" decoding=\"async\" width=\"800\" height=\"633\" data-id=\"5070\" src=\"https:\/\/www.defunts.smainternational.site\/wp-content\/uploads\/2024\/07\/1973_04_Chamalieres.jpg\" alt=\"\" class=\"wp-image-5070\" srcset=\"https:\/\/www.defunts.smainternational.site\/wp-content\/uploads\/2024\/07\/1973_04_Chamalieres.jpg 800w, https:\/\/www.defunts.smainternational.site\/wp-content\/uploads\/2024\/07\/1973_04_Chamalieres-300x237.jpg 300w, https:\/\/www.defunts.smainternational.site\/wp-content\/uploads\/2024\/07\/1973_04_Chamalieres-768x608.jpg 768w\" sizes=\"auto, (max-width: 800px) 100vw, 800px\" \/><figcaption class=\"wp-element-caption\">Noviciat 1973<\/figcaption><\/figure>\n<\/figure>\n\n\n\n<figure class=\"wp-block-gallery has-nested-images columns-default is-cropped wp-block-gallery-2 is-layout-flex wp-block-gallery-is-layout-flex\">\n<figure class=\"wp-block-image size-large\"><img loading=\"lazy\" decoding=\"async\" width=\"800\" height=\"600\" data-id=\"5072\" src=\"https:\/\/www.defunts.smainternational.site\/wp-content\/uploads\/2024\/07\/2009_00823_France_SMA.jpg\" alt=\"\" class=\"wp-image-5072\" srcset=\"https:\/\/www.defunts.smainternational.site\/wp-content\/uploads\/2024\/07\/2009_00823_France_SMA.jpg 800w, https:\/\/www.defunts.smainternational.site\/wp-content\/uploads\/2024\/07\/2009_00823_France_SMA-300x225.jpg 300w, https:\/\/www.defunts.smainternational.site\/wp-content\/uploads\/2024\/07\/2009_00823_France_SMA-768x576.jpg 768w\" sizes=\"auto, (max-width: 800px) 100vw, 800px\" \/><figcaption class=\"wp-element-caption\">Montferrier <\/figcaption><\/figure>\n\n\n\n<figure class=\"wp-block-image size-large\"><img loading=\"lazy\" decoding=\"async\" width=\"800\" height=\"600\" data-id=\"5069\" src=\"https:\/\/www.defunts.smainternational.site\/wp-content\/uploads\/2024\/07\/2009_00811_France_SMA.jpg\" alt=\"\" class=\"wp-image-5069\" srcset=\"https:\/\/www.defunts.smainternational.site\/wp-content\/uploads\/2024\/07\/2009_00811_France_SMA.jpg 800w, https:\/\/www.defunts.smainternational.site\/wp-content\/uploads\/2024\/07\/2009_00811_France_SMA-300x225.jpg 300w, https:\/\/www.defunts.smainternational.site\/wp-content\/uploads\/2024\/07\/2009_00811_France_SMA-768x576.jpg 768w\" sizes=\"auto, (max-width: 800px) 100vw, 800px\" \/><figcaption class=\"wp-element-caption\">Le musicien <\/figcaption><\/figure>\n\n\n\n<figure class=\"wp-block-image size-large\"><img loading=\"lazy\" decoding=\"async\" width=\"800\" height=\"533\" data-id=\"5067\" src=\"https:\/\/www.defunts.smainternational.site\/wp-content\/uploads\/2024\/07\/DSC02621.jpg\" alt=\"\" class=\"wp-image-5067\" srcset=\"https:\/\/www.defunts.smainternational.site\/wp-content\/uploads\/2024\/07\/DSC02621.jpg 800w, https:\/\/www.defunts.smainternational.site\/wp-content\/uploads\/2024\/07\/DSC02621-300x200.jpg 300w, https:\/\/www.defunts.smainternational.site\/wp-content\/uploads\/2024\/07\/DSC02621-768x512.jpg 768w\" sizes=\"auto, (max-width: 800px) 100vw, 800px\" \/><figcaption class=\"wp-element-caption\">Le musicien<\/figcaption><\/figure>\n\n\n\n<figure class=\"wp-block-image size-large\"><img loading=\"lazy\" decoding=\"async\" width=\"800\" height=\"600\" data-id=\"5071\" src=\"https:\/\/www.defunts.smainternational.site\/wp-content\/uploads\/2024\/07\/IMG_1442.jpg\" alt=\"\" class=\"wp-image-5071\" srcset=\"https:\/\/www.defunts.smainternational.site\/wp-content\/uploads\/2024\/07\/IMG_1442.jpg 800w, https:\/\/www.defunts.smainternational.site\/wp-content\/uploads\/2024\/07\/IMG_1442-300x225.jpg 300w, https:\/\/www.defunts.smainternational.site\/wp-content\/uploads\/2024\/07\/IMG_1442-768x576.jpg 768w\" sizes=\"auto, (max-width: 800px) 100vw, 800px\" \/><figcaption class=\"wp-element-caption\">Montferrier 2017 &#8211; le trio <a href=\"https:\/\/fr.wikipedia.org\/wiki\/Couramiaud\" data-type=\"link\" data-id=\"https:\/\/fr.wikipedia.org\/wiki\/Couramiaud\" target=\"_blank\" rel=\"noreferrer noopener\">couramiaud<\/a><\/figcaption><\/figure>\n<\/figure>\n\n\n\n<p class=\"has-primary-color has-text-color has-link-color has-large-font-size wp-elements-9ab7774cf938f7417c7100a0668f1458\"><strong>Hom\u00e9lie pour Pierre Jaboulay. 26 juillet 2024. Montferrier<\/strong><\/p>\n\n\n\n<p class=\"has-black-color has-text-color has-link-color wp-elements-2ba33d1826d21854915ac22f800806fe\"><strong>Nous avons gard\u00e9 les textes liturgiques de ce jour, en la f\u00eate de Saint Jacques. La premi\u00e8re lecture traduit les sentiments missionnaires de St Paul. Je fais le lien avec ceux de notre fr\u00e8re Pierre qui les a manifest\u00e9s au cours de ces 61 ans de vie sacerdotale, en Afrique comme en France.<\/strong><\/p>\n\n\n\n<p class=\"has-black-color has-text-color has-link-color wp-elements-90c574ce14b25c31b3d8bb294c670fee\"><strong>Paul est conscient de sa faiblesse et en m\u00eame temps il sait que le Christ a besoin de lui pour l\u2019annoncer.<\/strong><\/p>\n\n\n\n<p class=\"has-black-color has-text-color has-link-color wp-elements-4eadeecebe97cdd78caa78f4ebed2a22\"><strong>Pour Paul, le missionnaire est un vase d\u2019argile, vase fragile. Il fait l\u2019exp\u00e9rience de sa fragilit\u00e9 au quotidien de sa vie. Souvent incompris, il continue sa mission avec courage et pers\u00e9v\u00e9rance parce qu\u2019il croit fermement que la Parole qui l\u2019habite est un tr\u00e9sor. Un tr\u00e9sor qui est la puissance m\u00eame de Dieu et dans lequel il puise sa propre force.<\/strong><\/p>\n\n\n\n<p class=\"has-black-color has-text-color has-link-color wp-elements-8c7514cd456fcbeeb5bc3a203e747870\"><strong>Cette conviction de Paul, je la retrouve chez Pierre lorsqu\u2019il veut consacrer sa vie aux Missions Africaines et je le cite \u00ab&nbsp;<em>je veux \u00eatre membre des Missions Africaines dans une ob\u00e9issance absolue aux Constitutions, aux sup\u00e9rieurs, toujours avec le sourire, quelles que doivent \u00eatre les situations&nbsp;<\/em>\u00bb.<\/strong><\/p>\n\n\n\n<p class=\"has-black-color has-text-color has-link-color wp-elements-4afb0f578a90d9075edb9403be77feb0\"><strong>Le sourire en toutes situations, il l\u2019a eu comme l\u2019expression de sa musique int\u00e9rieure r\u00e9v\u00e9lant la beaut\u00e9 harmonieuse du tr\u00e9sor qu\u2019il portait en lui. Le po\u00e8te dit que \u00ab&nbsp;<em>le sourire est la musique de l\u2019\u00e2me<\/em>&nbsp;\u00bb<\/strong><\/p>\n\n\n\n<p class=\"has-black-color has-text-color has-link-color wp-elements-011f7ad26a12b390c7ab353be6e6fbc2\"><strong>Par contre, il relativisera l\u2019absolu de son ob\u00e9issance aux sup\u00e9rieurs \u00e0 qui il disait avant une nomination qu\u2019il pressentait classique&nbsp;: \u00ab&nbsp;<em>je veux \u00eatre ailleurs et autrement<\/em>&nbsp;\u00bb.<\/strong><\/p>\n\n\n\n<p class=\"has-black-color has-text-color has-link-color wp-elements-0d409fbc343302f3e2e2535dba7aea63\"><strong>\u00ab&nbsp;<em>Ailleurs et autrement<\/em>&nbsp;\u00bb, voil\u00e0 deux mots qui le caract\u00e9risent parfaitement<\/strong><\/p>\n\n\n\n<p class=\"has-black-color has-text-color has-link-color wp-elements-6e246d93213e8c8ee811a879666f36ed\"><strong><em>\u00ab&nbsp;Ailleurs<\/em><\/strong><strong>&nbsp;\u00bb, c\u2019\u00e9tait son lieu favori pour r\u00e9aliser sa vocation missionnaire en accord avec ses convictions int\u00e9rieures comme une note de musique ne peut \u00eatre vraie que si elle est plac\u00e9e sur la port\u00e9e.<\/strong><\/p>\n\n\n\n<p class=\"has-black-color has-text-color has-link-color wp-elements-5fd745c5dea0892749c161ebe22451cb\"><strong>Il a aim\u00e9 cet \u00ab&nbsp;<em>ailleurs<\/em>&nbsp;\u00bb qu\u2019il trouva en C\u00f4te d\u2019Ivoire pendant 28 ans ou au Niger pendant 3 ans. Cet \u00ab&nbsp;<em>ailleurs<\/em>&nbsp;\u00bb devenait son domicile itin\u00e9rant. Il disait \u00ab&nbsp;je<em> suis du genre SDF, si j\u2019\u00e9tais en Europe, j\u2019aurai achet\u00e9 une caravane<\/em>&nbsp;\u00bb. Il souriait \u00e0 l\u2019id\u00e9e de ce que pensait son entourage&nbsp;: \u00ab&nbsp;<em>vous allez dire que je suis instable mais le Seigneur a voulu cela pour me r\u00e9veiller et me convertir<\/em>.&nbsp;\u00bb<\/strong><\/p>\n\n\n\n<p class=\"has-black-color has-text-color has-link-color wp-elements-78b04d97c76242172f066d1a458fd1c4\"><strong>Dans cet \u00ab&nbsp;ailleurs&nbsp;\u00bb il veut vivre \u00ab&nbsp;<em>autrement&nbsp;<\/em>\u00bb. J\u2019ai eu personnellement la chance de vivre cet \u00ab&nbsp;<em>autrement<\/em>&nbsp;\u00bb avec lui \u00e0 Niamey. Jeune missionnaire, j\u2019adh\u00e9rai vite \u00e0 sa fa\u00e7on originale d\u2019\u00eatre missionnaire. Nous avons fui les grands b\u00e2timents de la mission catholique pour louer dans un quartier p\u00e9riph\u00e9rique, un deux pi\u00e8ces dans une grande cour appartenant \u00e0 un Iman musulman.<\/strong><\/p>\n\n\n\n<p class=\"has-black-color has-text-color has-link-color wp-elements-ee460b68d218c74b3a9541c849742a05\"><strong>Nous avons v\u00e9cu au plus pr\u00e8s de ceux qui nous accueillaient, partageant le quotidien de ce qui faisait leur vie. Assis sur la natte, nous \u00e9coutions, nous regardions, nous \u00e9changions, nous d\u00e9couvrions une culture islamis\u00e9e sans porter de jugement, nous accueillions la diff\u00e9rence comme une richesse et un bienfait. J\u2019ai beaucoup appris avec lui et de lui sur la fa\u00e7on d\u2019&nbsp;\u00ab&nbsp;\u00eatre avec&nbsp;\u00bb.<\/strong><\/p>\n\n\n\n<p class=\"has-black-color has-text-color has-link-color wp-elements-b1c1129632e49d9805f1175bb09e02fd\"><strong>Cette fa\u00e7on d\u2019&nbsp; \u00ab&nbsp;\u00eatre avec&nbsp;\u00bb, je l\u2019ai \u00e0 nouveau retrouv\u00e9 ici dans cette communaut\u00e9 devenue la sienne depuis une dizaine d\u2019ann\u00e9es.<\/strong><\/p>\n\n\n\n<p class=\"has-black-color has-text-color has-link-color wp-elements-b6d94f197cc787a0ae46ce3f658c5c65\"><strong>Lorsqu\u2019il accompagnait les chants de la communaut\u00e9, il n\u2019imposait jamais la note du d\u00e9part. Ce n\u2019est pas lui qui donnait le ton. Il a toujours laiss\u00e9 la communaut\u00e9 commencer \u00e0 sa guise et \u00e0 force de l\u2019\u00e9couter, il entrait progressivement dans le rythme de la communaut\u00e9 avec respect, sans la bousculer, sans lui faire de reproche. Talentueux en musique, il r\u00e9ussissait dans cet exercice musical difficile combien plus savait-il \u00ab&nbsp;\u00eatre avec&nbsp;\u00bb, dans l\u2019exercice de son minist\u00e8re de pr\u00e9sence.<\/strong><\/p>\n\n\n\n<p class=\"has-black-color has-text-color has-link-color wp-elements-8ce0a6f505864818eefbc37853b544f3\"><strong>Sans le vouloir, au contact de ce peuple, il \u00e9tait devenu mon ma\u00eetre de novice alors que lorsqu\u2019il le fut \u00e0 Chamali\u00e8res, enferm\u00e9 dans la maison centenaire, il s\u2019\u00e9tait \u00e9norm\u00e9ment ennuy\u00e9.<\/strong><\/p>\n\n\n\n<p class=\"has-black-color has-text-color has-link-color wp-elements-151fe991f66bbeb0e5858bd02a183d07\"><strong>Nous prenions un temps long et tr\u00e8s long pour la pri\u00e8re derri\u00e8re l\u2019armoire en fer de la cuisine car disait-il&nbsp;: \u00ab&nbsp;<em>On ne peut bien enseigner ses fr\u00e8res que si soi-m\u00eame on essaie d\u2019\u00eatre davantage pr\u00e8s de Dieu. Car c\u2019est Dieu qui fait tout en somme&nbsp;<\/em>\u00bb.<\/strong><\/p>\n\n\n\n<p class=\"has-black-color has-text-color has-link-color wp-elements-7e8a88345910689bce5fa537dc12572a\"><strong>Il voulait devenir un moine missionnaire sans faire le v\u0153u de stabilit\u00e9. Mon noviciat n\u2019a pas dur\u00e9 car il entendit assez vite l\u2019appel d\u2019un autre ailleurs \u00e0 Sand\u00e9gu\u00e9.<\/strong><\/p>\n\n\n\n<p class=\"has-black-color has-text-color has-link-color wp-elements-91d9b0e9e6f3672dce9b9ef0d2c75c4c\"><strong>Dans l\u2019Evangile que nous avons lu, on s\u2019aper\u00e7oit que le royaume se b\u00e2tit d\u2019humilit\u00e9 et d\u2019abaissement. Le Christ nous dit \u00ab&nbsp;<em>Celui qui veut devenir grand parmi vous sera votre serviteur&nbsp;\u00bb<\/em>. Pierre l\u2019avait bien compris. Partout il a \u00e9t\u00e9 ce serviteur humble, proche des gens ayant appris leur langue avec beaucoup de facilit\u00e9 pour mieux les aimer.<\/strong><\/p>\n\n\n\n<p class=\"has-black-color has-text-color has-link-color wp-elements-fa50e4ab00c0f36d7459d570a7958c54\"><strong>Charles de Foucauld qu\u2019il admirait disait&nbsp;: \u00ab&nbsp;<em>Evang\u00e9liser ses fr\u00e8res humains par charit\u00e9 c\u2019est d\u2019abord les servir, et servir chaque personne telle qu\u2019elle est.&nbsp;\u00bb<\/em><\/strong><\/p>\n\n\n\n<p class=\"has-black-color has-text-color has-link-color wp-elements-8f94045b31ac91cd2665b234bf0949fe\"><strong>Un ancien s\u00e9minariste, qui a connu Pierre au Noviciat lui rendant hommage \u00e9crivait&nbsp;: \u00ab&nbsp;<em>Pierre \u00e9tait la joie de vivre et la simplicit\u00e9\u2026 Il entre aujourd\u2019hui dans le grand orchestre des anges du ciel.&nbsp;\u00bb<\/em><\/strong><\/p>\n\n\n\n<p class=\"has-black-color has-text-color has-link-color wp-elements-a188b633a631f4ab63c3ef7ccc479c74\"><strong>Oui&nbsp;! Que le Seigneur, Le Ma\u00eetre de ch\u0153ur c\u00e9leste, le fasse chanter \u00e9ternellement. Amen.<\/strong><\/p>\n\n\n\n<p class=\"has-black-color has-text-color has-link-color wp-elements-694a8b37949df32e7dcc10605b500310\"><strong>Michel Cartat\u00e9guy.<\/strong><\/p>\n","protected":false},"excerpt":{"rendered":"<p>N\u00e9 le 9 juin 1935 \u00e0 Izieux (Loire), dioc\u00e8se de LyonOrdonn\u00e9 le 30 juin 19631963-1964 : \u00e0 Lyon, ann\u00e9e pastorale1964-1965 : \u00e0 Pont-Rousseau, professeur au petit-s\u00e9minaire1965-1972 : \u00e0 Abengourou&#8230;<\/p>\n","protected":false},"author":4,"featured_media":0,"comment_status":"open","ping_status":"open","sticky":false,"template":"","format":"standard","meta":{"footnotes":""},"categories":[3],"tags":[],"class_list":["post-5062","post","type-post","status-publish","format-standard","hentry","category-necrologe-sma"],"_links":{"self":[{"href":"https:\/\/www.defunts.smainternational.site\/index.php?rest_route=\/wp\/v2\/posts\/5062","targetHints":{"allow":["GET"]}}],"collection":[{"href":"https:\/\/www.defunts.smainternational.site\/index.php?rest_route=\/wp\/v2\/posts"}],"about":[{"href":"https:\/\/www.defunts.smainternational.site\/index.php?rest_route=\/wp\/v2\/types\/post"}],"author":[{"embeddable":true,"href":"https:\/\/www.defunts.smainternational.site\/index.php?rest_route=\/wp\/v2\/users\/4"}],"replies":[{"embeddable":true,"href":"https:\/\/www.defunts.smainternational.site\/index.php?rest_route=%2Fwp%2Fv2%2Fcomments&post=5062"}],"version-history":[{"count":6,"href":"https:\/\/www.defunts.smainternational.site\/index.php?rest_route=\/wp\/v2\/posts\/5062\/revisions"}],"predecessor-version":[{"id":5126,"href":"https:\/\/www.defunts.smainternational.site\/index.php?rest_route=\/wp\/v2\/posts\/5062\/revisions\/5126"}],"wp:attachment":[{"href":"https:\/\/www.defunts.smainternational.site\/index.php?rest_route=%2Fwp%2Fv2%2Fmedia&parent=5062"}],"wp:term":[{"taxonomy":"category","embeddable":true,"href":"https:\/\/www.defunts.smainternational.site\/index.php?rest_route=%2Fwp%2Fv2%2Fcategories&post=5062"},{"taxonomy":"post_tag","embeddable":true,"href":"https:\/\/www.defunts.smainternational.site\/index.php?rest_route=%2Fwp%2Fv2%2Ftags&post=5062"}],"curies":[{"name":"wp","href":"https:\/\/api.w.org\/{rel}","templated":true}]}}