{"id":5090,"date":"2024-09-02T13:00:00","date_gmt":"2024-09-02T13:00:00","guid":{"rendered":"https:\/\/www.defunts.smainternational.site\/?p=5090"},"modified":"2026-02-05T10:27:03","modified_gmt":"2026-02-05T10:27:03","slug":"pere-paul-marie-omega-amegashie","status":"publish","type":"post","link":"https:\/\/www.defunts.smainternational.site\/?p=5090","title":{"rendered":"P\u00e8re Paul-Marie Omega AMEGASHIE"},"content":{"rendered":"\n<h4 class=\"wp-block-heading\">Soci\u00e9t\u00e9 des Missions Africaines- Province du Togo<\/h4>\n\n\n\n<div class=\"wp-block-media-text is-stacked-on-mobile\"><figure class=\"wp-block-media-text__media\"><img loading=\"lazy\" decoding=\"async\" width=\"700\" height=\"690\" src=\"https:\/\/www.defunts.smainternational.site\/wp-content\/uploads\/2024\/09\/Amegashie-J.jpg\" alt=\"\" class=\"wp-image-5096 size-full\" srcset=\"https:\/\/www.defunts.smainternational.site\/wp-content\/uploads\/2024\/09\/Amegashie-J.jpg 700w, https:\/\/www.defunts.smainternational.site\/wp-content\/uploads\/2024\/09\/Amegashie-J-300x296.jpg 300w\" sizes=\"auto, (max-width: 700px) 100vw, 700px\" \/><\/figure><div class=\"wp-block-media-text__content\">\n<p class=\"has-black-color has-text-color has-link-color wp-elements-e17113041a1cbfcb0fa32d9fd389919d\"><strong>N\u00e9 le 12 juin 1966 <\/strong>\u00e0 L\u00e9opoldville (RDC)<\/p>\n\n\n\n<p class=\"has-black-color has-text-color has-link-color wp-elements-12c0a6b3a857d35537507dffc79257a3\"><strong>Juin 1995 :&nbsp;&nbsp;&nbsp;&nbsp;&nbsp;&nbsp; <\/strong>Premier Serment d\u2019appartenance \u00e0 la SMA \u00e0 Calavi (Benin)<\/p>\n\n\n\n<p class=\"has-black-color has-text-color has-link-color wp-elements-2cd0cc0ada9ea290fb00c2282799f7a3\"><strong>1er juillet 2000 <\/strong>: Ordination Presbyt\u00e9rale \u00e0 Ny\u00e9konakpoe (Togo)<\/p>\n\n\n\n<p class=\"has-black-color has-text-color has-link-color wp-elements-095f1e1969fa5205d7fa35f0d4f95d2a\">D\u00e9c\u00e9d\u00e9 \u00e0 kovi\u00e9 le 02 septembre 2024, \u00e0 l\u2019\u00e2ge de 58 ans<\/p>\n\n\n\n<p class=\"has-black-color has-text-color has-link-color wp-elements-48d4da91d0326769d3d1e2939311cb65\">Inhum\u00e9 au Cimeti\u00e8re des Pr\u00eatres au Petit S\u00e9minaire Saint Pie X d&rsquo;Agoe Nyive (Lom\u00e9)<\/p>\n<\/div><\/div>\n\n\n\n<p class=\"has-black-color has-text-color has-link-color wp-elements-36f13e28a9f54056f6c148d3dc9ec6e8\"><strong>2000 &#8211; 2002 <\/strong>:&nbsp;&nbsp;&nbsp;&nbsp; Mission dans le Dioc\u00e8se de Rustenburg (Afrique du Sud)<\/p>\n\n\n\n<p class=\"has-black-color has-text-color has-link-color wp-elements-c44bb007118021499ce77653e520888b\"><strong>2003&nbsp;&nbsp;&nbsp;&nbsp;&nbsp;&nbsp;&nbsp;&nbsp;&nbsp;&nbsp;&nbsp;&nbsp;&nbsp;&nbsp;&nbsp;&nbsp; <\/strong>Etudes en Missiologie \u00e0 Cochabamba (Bolivie)<\/p>\n\n\n\n<p class=\"has-black-color has-text-color has-link-color wp-elements-dca8ac1709a9c9ab974dda04678b1a04\"><strong>2003 &#8211; 2005 :&nbsp;&nbsp;&nbsp; <\/strong>Animation missionnaire en Argentine (Archidioc\u00e8se de Cordoba)<\/p>\n\n\n\n<p class=\"has-black-color has-text-color has-link-color wp-elements-43e78d504853b1da851e57beaf51ab2f\"><strong>2006 \u2013 2009 <\/strong>:&nbsp;&nbsp;&nbsp; Mission au CANADA<\/p>\n\n\n\n<p class=\"has-black-color has-text-color has-link-color wp-elements-e779219a58432c75ba81fa7690180696\"><strong>2009 \u2013 2011 :&nbsp;&nbsp;&nbsp; <\/strong>Recteur \u00e0 la Maison de Formation SMA New-Bodija (Nigeria)<\/p>\n\n\n\n<p class=\"has-black-color has-text-color has-link-color wp-elements-77b6c9179aa8899477792b71cb3d575e\"><strong>2011 \u2013 2016 <\/strong>:&nbsp;&nbsp;&nbsp; Secr\u00e9taire au g\u00e9n\u00e9ralat SMA \u00e0 Rome en Italie<\/p>\n\n\n\n<p class=\"has-black-color has-text-color has-link-color wp-elements-c0c819dd168cdbbdba57ac1fdb01397f\"><strong>2016 \u2013 2017 <\/strong>:&nbsp;&nbsp;&nbsp; Ann\u00e9e Sabbatique au CAMEROUN au monast\u00e8re cistercien<\/p>\n\n\n\n<p class=\"has-black-color has-text-color has-link-color wp-elements-af956aaf812cb685858102be67dea45f\"><strong>2017 \u2013 2023 :&nbsp;&nbsp;&nbsp; <\/strong>Cur\u00e9 de la Paroisse St Joseph d\u2019Avepozo (TOGO)<\/p>\n\n\n\n<p class=\"has-black-color has-text-color has-link-color wp-elements-69a2d0465dddab745c7b2ca081dc7dd4\"><strong>2023 \u2013 2024 :&nbsp;&nbsp;&nbsp; <\/strong>Recteur du sanctuaire marial et cur\u00e9 de la Paroisse St Boniface de Kovi\u00e9 (Togo)<\/p>\n\n\n\n<figure class=\"wp-block-embed is-type-video is-provider-youtube wp-block-embed-youtube wp-embed-aspect-16-9 wp-has-aspect-ratio\"><div class=\"wp-block-embed__wrapper\">\n<iframe loading=\"lazy\" title=\"Hommage au P\u00e8re Paul-Marie AMEGASHIE, SMA ( un missionnaire du fond du c\u0153ur)\" width=\"500\" height=\"281\" src=\"https:\/\/www.youtube.com\/embed\/W9daqyqxoaA?feature=oembed\" frameborder=\"0\" allow=\"accelerometer; autoplay; clipboard-write; encrypted-media; gyroscope; picture-in-picture; web-share\" referrerpolicy=\"strict-origin-when-cross-origin\" allowfullscreen><\/iframe>\n<\/div><\/figure>\n","protected":false},"excerpt":{"rendered":"<p>Soci\u00e9t\u00e9 des Missions Africaines- Province du Togo N\u00e9 le 12 juin 1966 \u00e0 L\u00e9opoldville (RDC) Juin 1995 :&nbsp;&nbsp;&nbsp;&nbsp;&nbsp;&nbsp; Premier Serment d\u2019appartenance \u00e0 la SMA \u00e0 Calavi (Benin) 1er juillet&#8230;<\/p>\n","protected":false},"author":3,"featured_media":0,"comment_status":"open","ping_status":"open","sticky":false,"template":"","format":"standard","meta":{"footnotes":""},"categories":[3],"tags":[],"class_list":["post-5090","post","type-post","status-publish","format-standard","hentry","category-necrologe-sma"],"_links":{"self":[{"href":"https:\/\/www.defunts.smainternational.site\/index.php?rest_route=\/wp\/v2\/posts\/5090","targetHints":{"allow":["GET"]}}],"collection":[{"href":"https:\/\/www.defunts.smainternational.site\/index.php?rest_route=\/wp\/v2\/posts"}],"about":[{"href":"https:\/\/www.defunts.smainternational.site\/index.php?rest_route=\/wp\/v2\/types\/post"}],"author":[{"embeddable":true,"href":"https:\/\/www.defunts.smainternational.site\/index.php?rest_route=\/wp\/v2\/users\/3"}],"replies":[{"embeddable":true,"href":"https:\/\/www.defunts.smainternational.site\/index.php?rest_route=%2Fwp%2Fv2%2Fcomments&post=5090"}],"version-history":[{"count":7,"href":"https:\/\/www.defunts.smainternational.site\/index.php?rest_route=\/wp\/v2\/posts\/5090\/revisions"}],"predecessor-version":[{"id":5277,"href":"https:\/\/www.defunts.smainternational.site\/index.php?rest_route=\/wp\/v2\/posts\/5090\/revisions\/5277"}],"wp:attachment":[{"href":"https:\/\/www.defunts.smainternational.site\/index.php?rest_route=%2Fwp%2Fv2%2Fmedia&parent=5090"}],"wp:term":[{"taxonomy":"category","embeddable":true,"href":"https:\/\/www.defunts.smainternational.site\/index.php?rest_route=%2Fwp%2Fv2%2Fcategories&post=5090"},{"taxonomy":"post_tag","embeddable":true,"href":"https:\/\/www.defunts.smainternational.site\/index.php?rest_route=%2Fwp%2Fv2%2Ftags&post=5090"}],"curies":[{"name":"wp","href":"https:\/\/api.w.org\/{rel}","templated":true}]}}