{"id":5101,"date":"2024-09-14T01:00:00","date_gmt":"2024-09-14T01:00:00","guid":{"rendered":"https:\/\/www.defunts.smainternational.site\/?p=5101"},"modified":"2024-09-19T10:26:07","modified_gmt":"2024-09-19T10:26:07","slug":"le-pere-henri-blin","status":"publish","type":"post","link":"https:\/\/www.defunts.smainternational.site\/?p=5101","title":{"rendered":"Le p\u00e8re Henri BLIN"},"content":{"rendered":"\n<p><\/p>\n\n\n\n<h4 class=\"wp-block-heading\"><strong>Soci\u00e9t\u00e9 des Missions Africaines &#8211; Province de Lyon<\/strong><\/h4>\n\n\n\n<div class=\"wp-block-media-text is-stacked-on-mobile\"><figure class=\"wp-block-media-text__media\"><img loading=\"lazy\" decoding=\"async\" width=\"437\" height=\"712\" src=\"https:\/\/www.defunts.smainternational.site\/wp-content\/uploads\/2024\/09\/Pere-Henri-Blin.jpg\" alt=\"\" class=\"wp-image-5102 size-full\" srcset=\"https:\/\/www.defunts.smainternational.site\/wp-content\/uploads\/2024\/09\/Pere-Henri-Blin.jpg 437w, https:\/\/www.defunts.smainternational.site\/wp-content\/uploads\/2024\/09\/Pere-Henri-Blin-184x300.jpg 184w\" sizes=\"auto, (max-width: 437px) 100vw, 437px\" \/><\/figure><div class=\"wp-block-media-text__content\">\n<p class=\"has-black-color has-text-color has-link-color wp-elements-d5878f6797ecaf62b3d1d13ade3ff91b\">N\u00e9 le 27 octobre 1934 au Mans (Sarthe), dioc\u00e8se du Mans.<\/p>\n\n\n\n<p class=\"has-black-color has-text-color has-link-color wp-elements-d84b88a17aa205b0e9d08c249520d56a\">Ordonn\u00e9 pr\u00eatre le 6 janvier 1961.<\/p>\n\n\n\n<p class=\"has-black-color has-text-color has-link-color wp-elements-ca2dde5ccd7194d4dc6f37d7c6482ce6\">D<strong>\u00e9c\u00e9d\u00e9 le samedi 14 septembre 2024 \u00e0 l\u2019\u00e2ge de 90 ans.<\/strong><\/p>\n\n\n\n<p><\/p>\n<\/div><\/div>\n\n\n\n<p class=\"has-black-color has-text-color has-link-color wp-elements-13b1f283e7d6080cb746f70edd4dab85\">1961-1964 : \u00e0 Rome, licence en droit canonique.<\/p>\n\n\n\n<p class=\"has-black-color has-text-color has-link-color wp-elements-62eb1f48d691898ba8e7bef83dc56921\">1964-1968 : \u00e0 Lyon, professeur de droit canonique et de liturgie. 1968-1969 : \u00e0 Abidjan, vicaire \u00e0 Saint Paul.<\/p>\n\n\n\n<p class=\"has-black-color has-text-color has-link-color wp-elements-772c35986a558419a50bacb23a6c0d66\">1969-1970 : \u00e0 Abidjan, vicaire \u00e0 Saint Michel. 1970-1973 : \u00e0 Abidjan, cur\u00e9 \u00e0 saint Kisito.<\/p>\n\n\n\n<p class=\"has-black-color has-text-color has-link-color wp-elements-b151471029413d0554e2255407cd81e9\">1973-1978 : \u00e0 Rome, secr\u00e9taire g\u00e9n\u00e9ral.<\/p>\n\n\n\n<p class=\"has-black-color has-text-color has-link-color wp-elements-523a666f2fd0c9758f6fb214e0f23a0b\">1978-1983 : \u00e0 Abidjan, Saint Luc, 220 logements.<\/p>\n\n\n\n<p class=\"has-black-color has-text-color has-link-color wp-elements-54ea27317ae7b327697d3c38ab42a388\">1983-1987 : \u00e0 Abidjan, cur\u00e9 de saint Charles Lwanga. 1988-1999 : \u00e0 Abidjan, cur\u00e9 de saint Kisito.<\/p>\n\n\n\n<p class=\"has-black-color has-text-color has-link-color wp-elements-523cdfaab4c025a020551ce9281a7d9d\">1999-2000 : \u00e0 Paris, ann\u00e9e sabbatique et soins.<\/p>\n\n\n\n<p class=\"has-black-color has-text-color has-link-color wp-elements-537309a5ab18b9287673b3f7d7a70a9d\">2000-2010: \u00e0 Rome, secr\u00e9taire g\u00e9n\u00e9ral francophone. 2010-2016 : \u00e0 Rez\u00e9 comptabilit\u00e9 et service sant\u00e9<\/p>\n\n\n\n<p class=\"has-black-color has-text-color has-link-color wp-elements-72bb4d4d64bfe269019b2422bce9a5e5\">2016-2024: \u00e0 Montferrier, chauffeur et r\u00e9sident.<\/p>\n\n\n\n<p class=\"has-black-color has-text-color has-link-color wp-elements-7c9c6e167d17ece4569f1bd7c587e9ff\">Ses fun\u00e9railles ont \u00e9t\u00e9 c\u00e9l\u00e9br\u00e9es le mercredi 18 septembre \u00e0 10 h 30 dans la chapelle de Montferrier.<\/p>\n\n\n\n<p><\/p>\n","protected":false},"excerpt":{"rendered":"<p>Soci\u00e9t\u00e9 des Missions Africaines &#8211; Province de Lyon N\u00e9 le 27 octobre 1934 au Mans (Sarthe), dioc\u00e8se du Mans. Ordonn\u00e9 pr\u00eatre le 6 janvier 1961. D\u00e9c\u00e9d\u00e9 le samedi 14&#8230;<\/p>\n","protected":false},"author":3,"featured_media":0,"comment_status":"open","ping_status":"open","sticky":false,"template":"","format":"standard","meta":{"footnotes":""},"categories":[3],"tags":[],"class_list":["post-5101","post","type-post","status-publish","format-standard","hentry","category-necrologe-sma"],"_links":{"self":[{"href":"https:\/\/www.defunts.smainternational.site\/index.php?rest_route=\/wp\/v2\/posts\/5101","targetHints":{"allow":["GET"]}}],"collection":[{"href":"https:\/\/www.defunts.smainternational.site\/index.php?rest_route=\/wp\/v2\/posts"}],"about":[{"href":"https:\/\/www.defunts.smainternational.site\/index.php?rest_route=\/wp\/v2\/types\/post"}],"author":[{"embeddable":true,"href":"https:\/\/www.defunts.smainternational.site\/index.php?rest_route=\/wp\/v2\/users\/3"}],"replies":[{"embeddable":true,"href":"https:\/\/www.defunts.smainternational.site\/index.php?rest_route=%2Fwp%2Fv2%2Fcomments&post=5101"}],"version-history":[{"count":2,"href":"https:\/\/www.defunts.smainternational.site\/index.php?rest_route=\/wp\/v2\/posts\/5101\/revisions"}],"predecessor-version":[{"id":5105,"href":"https:\/\/www.defunts.smainternational.site\/index.php?rest_route=\/wp\/v2\/posts\/5101\/revisions\/5105"}],"wp:attachment":[{"href":"https:\/\/www.defunts.smainternational.site\/index.php?rest_route=%2Fwp%2Fv2%2Fmedia&parent=5101"}],"wp:term":[{"taxonomy":"category","embeddable":true,"href":"https:\/\/www.defunts.smainternational.site\/index.php?rest_route=%2Fwp%2Fv2%2Fcategories&post=5101"},{"taxonomy":"post_tag","embeddable":true,"href":"https:\/\/www.defunts.smainternational.site\/index.php?rest_route=%2Fwp%2Fv2%2Ftags&post=5101"}],"curies":[{"name":"wp","href":"https:\/\/api.w.org\/{rel}","templated":true}]}}