{"id":5136,"date":"2025-01-17T15:22:29","date_gmt":"2025-01-17T15:22:29","guid":{"rendered":"https:\/\/www.defunts.smainternational.site\/?p=5136"},"modified":"2026-02-09T14:48:39","modified_gmt":"2026-02-09T14:48:39","slug":"le-pere-regis-peillon","status":"publish","type":"post","link":"https:\/\/www.defunts.smainternational.site\/?p=5136","title":{"rendered":"Le p\u00e8re R\u00e9gis PEILLON"},"content":{"rendered":"\n<figure class=\"wp-block-image alignleft size-large is-resized\"><img loading=\"lazy\" decoding=\"async\" width=\"800\" height=\"1024\" src=\"https:\/\/www.defunts.smainternational.site\/wp-content\/uploads\/2025\/01\/Peillon-Regis-800x1024.jpg\" alt=\"\" class=\"wp-image-5137\" style=\"width:324px;height:auto\" srcset=\"https:\/\/www.defunts.smainternational.site\/wp-content\/uploads\/2025\/01\/Peillon-Regis-800x1024.jpg 800w, https:\/\/www.defunts.smainternational.site\/wp-content\/uploads\/2025\/01\/Peillon-Regis-235x300.jpg 235w, https:\/\/www.defunts.smainternational.site\/wp-content\/uploads\/2025\/01\/Peillon-Regis-768x982.jpg 768w, https:\/\/www.defunts.smainternational.site\/wp-content\/uploads\/2025\/01\/Peillon-Regis-1201x1536.jpg 1201w, https:\/\/www.defunts.smainternational.site\/wp-content\/uploads\/2025\/01\/Peillon-Regis.jpg 1393w\" sizes=\"auto, (max-width: 800px) 100vw, 800px\" \/><\/figure>\n\n\n\n<p class=\"has-header-background-color has-text-color has-link-color has-large-font-size wp-elements-046229413bf42b397ab1716a3b724058\">Le p\u00e8re R\u00e9gis Peillon<br>d\u00e9c\u00e9d\u00e9 le samedi 4 janvier 2025 \u00e0 l\u2019\u00e2ge de 100 ans.<br>Ses fun\u00e9railles ont \u00e9t\u00e9 c\u00e9l\u00e9br\u00e9es<br>Le mercredi 8 janvier \u00e0 14 h 30<br>en la chapelle de la maison de Montferrier<\/p>\n\n\n\n<hr class=\"wp-block-separator has-alpha-channel-opacity\"\/>\n\n\n\n<p class=\"has-header-background-color has-text-color has-link-color has-normal-font-size wp-elements-eb5b5f8a3c3de66ccf72d7c893d4230c\"><strong>N\u00e9 le 3 juillet 1924 \u00e0 Champagne au Mont d\u2019Or (dioc\u00e8se de Lyon).<br>Ordonn\u00e9 pr\u00eatre le 8 juillet 1950 \u00e0 l\u2019abbaye de Pradines.<br>1951-1955 : \u00e0 Bingerville (Abidjan) : Professeur au s\u00e9minaire St Augustin.<br>1955-1960 : \u00e0 Abidjan : Directeur national des OEuvres<br>et \u00e0 partir de 1957, Directeur dioc\u00e9sain de l\u2019enseignement.<br>1967-1968 : \u00e0 Bingerville : responsable.<br>1968-1973 : \u00e0 Lyon, 150 : Vice-provincial.<br>1973-1976 : \u00e0 Paris, Hidalgo : Econome provincial.<br>1976-1977 : ann\u00e9e sabbatique.<br>1977-1992 : \u00e0 Abobo-gare (Abidjan) : Vicaire puis cur\u00e9.<br>1992-1998 : \u00e0 Paris, rue Crillon : responsable.<br>1998-2004 : \u00e0 Lyon, 150 : responsable de la gestion des objets africains<br>des Journ\u00e9es d\u2019amiti\u00e9.<br>2005-2025 : \u00e0 Montferrier, r\u00e9sident. De 2007 \u00e0 2012, il est vice-sup\u00e9rieur.<\/strong><\/p>\n\n\n\n<hr class=\"wp-block-separator has-alpha-channel-opacity is-style-wide\"\/>\n\n\n\n<p class=\"has-dark-shade-color has-text-color has-link-color has-normal-font-size wp-elements-8ff29299410cb8fd8a857af6c70621a3\">* N\u00e9 le 3 juillet 1924 \u00e0 Champagne au Mont-d\u2019Or, dioc\u00e8se de Lyon et baptis\u00e9 le 14 juillet<br>* Ecole primaire \u00e0 l\u2019externat de la Tour P\u00e9trat<br>* 1930 &#8211; 1942: \u00e9tudes secondaires \u00e0 Saint-Thomas d\u2019Aquin, \u00e0 Oulins<br>\u00a0\u00a0\u00a0\u00a0\u00a0\u00a0\u00a0\u00a0\u00a0\u00a0\u00a0 deux parties du baccalaur\u00e9at<br>\u00a0\u00a0\u00a0\u00a0\u00a0\u00a0\u00a0\u00a0\u00a0\u00a0\u00a0 licenci\u00e9 en droit civil<br>* 1945 &#8211; 1947: philosophie et noviciat \u00e0 Chanly<br>* 1947 &#8211; 1951: th\u00e9ologie \u00e0 Lyon<br>* 27 octobre 1947: 1er serment temporaire<br>* 8 f\u00e9vrier 1950: serment perp\u00e9tuel et sous-diacre le lendemain<br>* 8 juillet 1950: pr\u00eatre chez les B\u00e9n\u00e9dictines de Pradines, par Mgr Bornet, \u00e9v\u00eaque de Saint-Etienne.<br>\u00a0\u00a0\u00a0\u00a0\u00a0\u00a0\u00a0\u00a0\u00a0\u00a0\u00a0 \u201cIntelligence au-dessus de la moyenne, ardeur constante au travail&#8230; discret, serviable. Son \u00e9ducation bourgeoise ne l\u2019emp\u00eache pas de mettre tout le monde \u00e0 l\u2019aise et de se faire estimer de tous&#8230; Aime le travail intellectuel, mais s\u2019adonne aussi volontiers au travail manuel.\u201d (sign\u00e9 Boucheix)<br>* 1951 &#8211; 1955: Bingerville, professeur.<br>* 1955 &#8211; 1958: Treicheville, directeur des \u0153uvres.<br>* 1958 &#8211; 1960: directeur des \u0153uvres et directeur dioc\u00e9sain de l\u2019enseignement<br>\u00a0\u00a0\u00a0\u00a0\u00a0\u00a0\u00a0\u00a0\u00a0\u00a0\u00a0 25 septembre 1959: il est \u201cdignus\u201d sur une terna (le lieu n\u2019est pas pr\u00e9cis\u00e9 sur la feuille, mais c\u2019est en C\u00f4te-d\u2019Ivoire)<br>* 1960 &#8211; 1967: directeur national de l\u2019enseignement<br>* 1967 &#8211; 1968: cur\u00e9 de Bingerville<br>* 1968 &#8211; 1973: Paris, vice-provincial<br>\u00a0\u00a0\u00a0\u00a0\u00a0\u00a0\u00a0\u00a0\u00a0\u00a0\u00a0 Le Lien n\u00b0 85, de juin 1971 annonce qu\u2019il est nomm\u00e9 Chevalier de l\u2019Ordre National du Dahomey (?), ainsi que Joseph Hardy et Maurice Grenot.<br>\u00a0\u00a0\u00a0\u00a0\u00a0\u00a0\u00a0\u00a0\u00a0\u00a0\u00a0 1973: participe aux assembl\u00e9es g\u00e9n\u00e9rale et provinciale<br>* 1973 &#8211; 1976: Paris, \u00e9conome provincial, \u00e0 la suite du p\u00e8re Tavernier. Nomm\u00e9 pour 3 ans<br>* 1976 &#8211; 1977 : Lyon, passation service<br>* Repart \u00e0 Abidjan en septembre 1977, apr\u00e8s recyclage. Mais avant de repartir, il \u00e9crit une longue lettre \u00e0 Mgr Yago dans laquelle il pr\u00e9cise qu\u2019il a \u00e9t\u00e9 appel\u00e9 et ordonn\u00e9 en vue de la mission aupr\u00e8s des non chr\u00e9tiens, et que, travaillant dans une \u00c9glise qui existe d\u00e9j\u00e0, sa t\u00e2che sera double : pastorale et missionnaire. Il entend travailler \u00e0 l\u2019activit\u00e9 missionnaire de l\u2019\u00c9glise d\u2019Abidjan. Il \u00e9crit plusieurs circulaires chaque ann\u00e9e. Il d\u00e9crit minutieusement sa paroisse, puis son travail<br>\u00a0\u00a0\u00a0\u00a0\u00a0\u00a0\u00a0\u00a0\u00a0\u00a0\u00a0 Met en chantier la construction d\u2019une \u00e9glise en 1979<br>\u00a0\u00a0\u00a0\u00a0\u00a0\u00a0\u00a0\u00a0\u00a0\u00a0\u00a0 importance de la cat\u00e9ch\u00e8se, les jeunes, les coll\u00e9giens, les adultes, les quartiers<br>* 1980 : cong\u00e9 en France. Pendant son cong\u00e9, voudrait se former pour mieux suivre des groupes de pri\u00e8re. Puis retour \u00e0 Abobo<br>* 1980 &#8211; 1983 : Ses circulaires font \u00e9tat de l\u2019agrandissement gigantesque de la ville<br>\u00a0\u00a0\u00a0\u00a0\u00a0\u00a0\u00a0\u00a0\u00a0\u00a0\u00a0 demande de formation religieuse \u00e9manant d\u2019adultes et de jeunes<br>\u00a0\u00a0\u00a0\u00a0\u00a0\u00a0\u00a0\u00a0\u00a0\u00a0\u00a0 Abobo, qui comptait 140.000 habitants en 1977, en compterait plus de 500.000 en 1982. Chacun des trois villages \u00e0 l\u2019origine de la ville a maintenant son \u00e9glise (non termin\u00e9e). Ils sont 4 pr\u00eatres<br>* 1983 : cong\u00e9 en France<br>* 1983 &#8211; 1985 : Jumelage avec la paroisse Saint Fran\u00e7ois Xavier de Paris. Des jeunes sont venus de cette paroisse de Paris: mise en place d\u2019une coop\u00e9rative. La ville doit d\u00e9passer 600.000. Pour moi, le probl\u00e8me majeur, c\u2019est celui des jeunes. Trois jeunes filles sont entr\u00e9es au postulat des s\u0153urs et 6 gar\u00e7ons au s\u00e9minaire.<br>1986: encore deux nouvelles \u00e9glises en chantier<br>1987: il faudrait commencer une chapelle-salle de r\u00e9union<br>1987:\u00a0 900 participants au cat\u00e9chum\u00e9nat des adultes, 600 au cat\u00e9chum\u00e9nat des jeunes, 1500 au cat\u00e9chum\u00e9nat des \u00e9coliers<br>1988: vaste programme de constructions dans chacun des lieux de culte<br>1988: il devient coordinateur de l\u2019ensemble, chaque quartier devenant plus autonome avec un pr\u00eatre pleinement responsable. Le nombre des pr\u00eatres, des lieux de culte, des habitants, tout augmente encore<br>* Pendant son cong\u00e9 de 1989, on lui parle de prendre la maison de Baillarguet en remplacement de Bernard Curutchet. \u201cJe ne me sens pas d\u2019attirance pour la maison de Baillarguet, mais beaucoup plus d\u2019attrait pour continuer un minist\u00e8re pastoral en ville.\u201d (Lettre du 19 janvier 1990)<br>* En 1991, il repart \u00e0 Abobo pour une ann\u00e9e.<br>* Le 24 septembre 1991, il \u00e9crit : \u201cJe ne connais pratiquement personne \u00e0 Paris&#8230; Je suis toujours r\u00e9ticent pour prendre la responsabilit\u00e9 d\u2019une communaut\u00e9 \u00e0 mon \u00e2ge&#8230;\u00a0 Je me rends bien compte que je perds la m\u00e9moire de ce que je dis, je fais, ou de ce qu\u2019on m\u2019a dit&#8230; De toute fa\u00e7on, j\u2019accepte ce que vous d\u00e9ciderez et on verra \u00e0 l\u2019exp\u00e9rience.\u201d<br>* 1992 : nomm\u00e9 sup\u00e9rieur de la procure de la rue Crillon \u00e0 dater du 1er septembre et pour 3 ans.<br>* 1995 :\u00a0 nomination renouvel\u00e9e jusqu\u2019au 1er septembre 1998<br>* Septembre 1998 : nomm\u00e9 au 150, charg\u00e9 de la gestion des objets africains des Journ\u00e9es d\u2019Amiti\u00e9.<br>* Mai 1999 : on lui propose de prendre l\u2019aum\u00f4nerie de l\u2019h\u00f4pital de Fourvi\u00e8re. Il \u00e9crit pour demander quelle est la position de principe du conseil provincial \u00e0 ce sujet.<br>* 6 mai 1999 : nomm\u00e9 pour g\u00e9rer le stock des objets africains dans toutes les maisons, en lien avec les sup\u00e9rieurs locaux (se d\u00e9placer, renouveler le stock) \u201cA travers ce service mat\u00e9riel, tu continues de servir la mission\u201d.<\/p>\n","protected":false},"excerpt":{"rendered":"<p>Le p\u00e8re R\u00e9gis Peillond\u00e9c\u00e9d\u00e9 le samedi 4 janvier 2025 \u00e0 l\u2019\u00e2ge de 100 ans.Ses fun\u00e9railles ont \u00e9t\u00e9 c\u00e9l\u00e9br\u00e9esLe mercredi 8 janvier \u00e0 14 h 30en la chapelle de la&#8230;<\/p>\n","protected":false},"author":4,"featured_media":0,"comment_status":"open","ping_status":"open","sticky":false,"template":"","format":"standard","meta":{"footnotes":""},"categories":[3],"tags":[],"class_list":["post-5136","post","type-post","status-publish","format-standard","hentry","category-necrologe-sma"],"_links":{"self":[{"href":"https:\/\/www.defunts.smainternational.site\/index.php?rest_route=\/wp\/v2\/posts\/5136","targetHints":{"allow":["GET"]}}],"collection":[{"href":"https:\/\/www.defunts.smainternational.site\/index.php?rest_route=\/wp\/v2\/posts"}],"about":[{"href":"https:\/\/www.defunts.smainternational.site\/index.php?rest_route=\/wp\/v2\/types\/post"}],"author":[{"embeddable":true,"href":"https:\/\/www.defunts.smainternational.site\/index.php?rest_route=\/wp\/v2\/users\/4"}],"replies":[{"embeddable":true,"href":"https:\/\/www.defunts.smainternational.site\/index.php?rest_route=%2Fwp%2Fv2%2Fcomments&post=5136"}],"version-history":[{"count":2,"href":"https:\/\/www.defunts.smainternational.site\/index.php?rest_route=\/wp\/v2\/posts\/5136\/revisions"}],"predecessor-version":[{"id":5290,"href":"https:\/\/www.defunts.smainternational.site\/index.php?rest_route=\/wp\/v2\/posts\/5136\/revisions\/5290"}],"wp:attachment":[{"href":"https:\/\/www.defunts.smainternational.site\/index.php?rest_route=%2Fwp%2Fv2%2Fmedia&parent=5136"}],"wp:term":[{"taxonomy":"category","embeddable":true,"href":"https:\/\/www.defunts.smainternational.site\/index.php?rest_route=%2Fwp%2Fv2%2Fcategories&post=5136"},{"taxonomy":"post_tag","embeddable":true,"href":"https:\/\/www.defunts.smainternational.site\/index.php?rest_route=%2Fwp%2Fv2%2Ftags&post=5136"}],"curies":[{"name":"wp","href":"https:\/\/api.w.org\/{rel}","templated":true}]}}