{"id":5188,"date":"2025-04-15T16:14:05","date_gmt":"2025-04-15T16:14:05","guid":{"rendered":"https:\/\/www.defunts.smainternational.site\/?p=5188"},"modified":"2026-02-09T15:34:31","modified_gmt":"2026-02-09T15:34:31","slug":"le-pere-roger-poupard","status":"publish","type":"post","link":"https:\/\/www.defunts.smainternational.site\/?p=5188","title":{"rendered":"Le p\u00e8re Roger POUPARD"},"content":{"rendered":"\n<figure class=\"wp-block-image alignleft size-large is-resized\"><img loading=\"lazy\" decoding=\"async\" width=\"891\" height=\"1024\" src=\"https:\/\/www.defunts.smainternational.site\/wp-content\/uploads\/2025\/04\/poupard-891x1024.png\" alt=\"\" class=\"wp-image-5189\" style=\"width:324px;height:auto\" srcset=\"https:\/\/www.defunts.smainternational.site\/wp-content\/uploads\/2025\/04\/poupard-891x1024.png 891w, https:\/\/www.defunts.smainternational.site\/wp-content\/uploads\/2025\/04\/poupard-261x300.png 261w, https:\/\/www.defunts.smainternational.site\/wp-content\/uploads\/2025\/04\/poupard-768x882.png 768w, https:\/\/www.defunts.smainternational.site\/wp-content\/uploads\/2025\/04\/poupard-1337x1536.png 1337w, https:\/\/www.defunts.smainternational.site\/wp-content\/uploads\/2025\/04\/poupard.png 1695w\" sizes=\"auto, (max-width: 891px) 100vw, 891px\" \/><\/figure>\n\n\n\n<p class=\"has-header-background-color has-text-color has-link-color has-large-font-size wp-elements-194eaad5a36ae079fab9ee9fdf4eda05\">Le p\u00e8re Roger Poupard<br>d\u00e9c\u00e9d\u00e9 le jeudi 20 mars 2025 \u00e0 l\u2019\u00e2ge de 99 ans.<br>Ses fun\u00e9railles ont \u00e9t\u00e9 c\u00e9l\u00e9br\u00e9es&nbsp;<br>Le samedi 22 mars \u00e0 9 h 30 en la chapelle de la maison de Montferrier<\/p>\n\n\n\n<hr class=\"wp-block-separator has-alpha-channel-opacity\"\/>\n\n\n\n<p class=\"has-header-background-color has-text-color has-link-color has-normal-font-size wp-elements-f95115fc49b2aee6a1a7ec309aa71077\">N\u00e9 le 22 novembre 1926 \u00e0 Courlay, dioc\u00e8se de Poitiers<br>Ordonn\u00e9 pr\u00eatre le 9 f\u00e9vrier 1950<\/p>\n\n\n\n<p class=\"has-header-background-color has-text-color has-link-color has-normal-font-size wp-elements-dd81d5acba05630401b4217aa79b7110\">1950-1954 : \u00e0 Chamali\u00e8res, professeur de cinqui\u00e8me<br>1954-1958 : \u00e0 Banikoara (Kandi), responsable<br>1958-1960 : \u00e0 la Roche-Bernard, en soin<br>1960-1964 : \u00e0 Chamali\u00e8res : conseiller spirituel<br>1964-1965 : \u00e0 la Croix-Valmer, en repos 1965-1973 : \u00e0 Rez\u00e9 puis aux Couets,<br>conseiller spirituel, animation spirituelle et aum\u00f4nier<br>1973-1974 : \u00e0 Tangui\u00e9ta, aum\u00f4nier de l\u2019h\u00f4pital<br>1974-1975 : \u00e0 Kouand\u00e9 (Natitingou), vicaire<br>1975-1981 : \u00e0 Chaponost : animation missionnaire et comptabilit\u00e9<br>1981-1987 : \u00e0 Lyon, comptabilit\u00e9 provinciale 1987-1988 :\u00e0 Lyon, ann\u00e9e sabbatique<br>1988-1991 : \u00e0 Lyon, au service informatique des procures<br>1991-2002 : \u00e0 Rez\u00e9, vice-sup\u00e9rieur et comptabilit\u00e9 puis en retraite<br>2003-2025 : \u00e0 Montferrier, r\u00e9sident<\/p>\n\n\n\n<hr class=\"wp-block-separator has-alpha-channel-opacity is-style-wide\"\/>\n\n\n\n<p class=\"has-dark-shade-color has-text-color has-link-color has-normal-font-size wp-elements-7b4564b647a3a1500650bfb350e9e5ac\">* N\u00e9 le 22 novembre 1926 \u00e0 Courlay, dans les Deux-S\u00e8vres, dans le dioc\u00e8se de Poitiers et baptis\u00e9 le lendemain.<br>* 1938 -1949 : \u00e9tudes secondaires \u00e0 Saint-Joseph de Bressuire<br>* 1940 &#8211; 1944 : \u00e9tudes secondaires au petit s\u00e9minaire de Montmorillon<br>* 1944 &#8211; 1946 : Philosophie au grand s\u00e9minaire de Poitiers<br>\u00a0\u00a0\u00a0\u00a0\u00a0\u00a0\u00a0\u00a0\u00a0\u00a0\u00a0 lettre du 2 juillet 1946 : <em>\u201cD\u00e8s mon entr\u00e9e au petit s\u00e9minaire, je songeais moi aussi \u00e0 me consacrer \u00e0 ces autres \u00e2mes qui attendent l\u00e0-bas la venue du Christ. Mais comme ce minist\u00e8re est beau et exige ce renoncement et cet amour de la croix qui caract\u00e9risent partout les vrais disciples du ma\u00eetre, aussi, ai-je pr\u00e9f\u00e9r\u00e9 attendre pour \u00eatre plus s\u00fbr de l\u2019appel. Maintenant, l\u2019appel se fait de plus en plus puissant&#8230;\u201d<\/em><br>\u00a0\u00a0\u00a0\u00a0\u00a0\u00a0\u00a0\u00a0\u00a0\u00a0\u00a0 Il fait donc son noviciat \u00e0 Lyon et doit arriver au d\u00e9but, avant les autres, pour pouvoir avoir un peu de d\u00e9tente avant de commencer l\u2019ann\u00e9e scolaire suivante.<br>* 1946 &#8211; 1950: Th\u00e9ologie \u00e0 Lyon<br>* \u00a0\u00a0\u00a0\u00a0\u00a0\u00a0\u00a0\u00a0 30 octobre 1948: 1er serment temporaire<br>* \u00a0\u00a0\u00a0\u00a0\u00a0\u00a0\u00a0\u00a0 27 octobre 1949: serment perp\u00e9tuel<br>* \u00a0\u00a0\u00a0\u00a0\u00a0\u00a0\u00a0\u00a0 28 octobre 1949: sous diacre<br>* \u00a0\u00a0\u00a0\u00a0\u00a0\u00a0\u00a0\u00a0 9 f\u00e9vrier 1950: pr\u00eatre<br>* Juin 1950: affect\u00e9 \u00e0 Chamali\u00e8res<br>\u00a0\u00a0\u00a0\u00a0\u00a0\u00a0\u00a0\u00a0\u00a0\u00a0\u00a0 du 28 juin 1950: <em>\u201cVotre \u00e9tat de sant\u00e9 ne permettant pas votre d\u00e9part imm\u00e9diat en mission, le conseil provincial vous a nomm\u00e9 professeur \u00e0 l\u2019\u00e9cole apostolique de Chamali\u00e8res pour la rentr\u00e9e prochaine.\u201d<\/em><br>* \u00a0\u00a0\u00a0\u00a0\u00a0\u00a0\u00a0\u00a0 du mois d\u2019avril 1952: \u201cMalgr\u00e9 la beaut\u00e9 de la vocation du pr\u00eatre professeur, je n\u2019oublie pas que je suis entr\u00e9 dans la Soci\u00e9t\u00e9 des Missions Africaines en vue de r\u00e9aliser ma vocation missionnaire en terre d\u2019Afrique. Mon d\u00e9part imm\u00e9diat en mission fut emp\u00each\u00e9 malheureusement par un \u00e9tat de sant\u00e9 pas encore satisfaisant. Cette raison a disparu comme le prouve le certificat joint \u00e0 ce petit mot. Je viens donc vous demander, etc.\u201d<br>* 1954 \u00e0 1958 : Banikoara<br>\u00a0\u00a0\u00a0\u00a0\u00a0\u00a0\u00a0\u00a0\u00a0\u00a0\u00a0 21 juin 1954 : nomm\u00e9 \u00e0 la pr\u00e9fecture de Parakou.<br>\u00a0\u00a0\u00a0\u00a0\u00a0\u00a0\u00a0\u00a0\u00a0\u00a0\u00a0 lettre du 29 janvier 1957 : <em>\u201cJ\u2019esp\u00e8re pouvoir terminer la chapelle ; il me restera \u00e0 construire, car l\u2019ancienne commence \u00e0 tomber en ruine.\u201d<\/em><br>* \u00a0\u00a0\u00a0\u00a0\u00a0\u00a0\u00a0\u00a0 rentre malade en 1958 (poumons et syst\u00e8me digestif) Le docteur lui donne 6 mois de repos.<br>* 29 juillet 1958, nomm\u00e9 \u00e0 Pont-Rousseau pr\u00e9fet de spiritualit\u00e9 chez les petits et directeur de la maison. Il refuse cette derni\u00e8re fonction car il ne se sent ni fait ni pr\u00eat pour l\u2019assurer. Finalement, il n\u2019ira pas \u00e0 Rez\u00e9 et restera deux ans \u00e0 se soigner au sana de la Grolle Saint-Bernard, dans les Charentes. Les poumons sont plus vite gu\u00e9ris que l\u2019appareil digestif .<br>* 2 juin 1960 : il est nomm\u00e9 \u00e0 Chanly, mais nomination sans suite.<br>* 1er juillet 1960 : nomm\u00e9 \u00e0 Chamali\u00e8res en remplacement du p\u00e8re Dubois qui pourra ainsi retourner en \u00c9gypte. Il est conseiller spirituel. Nomm\u00e9 pour 1 an, il y restera trois ans.<br>* 1963 : nomm\u00e9 \u00e0 Chanly<br>lettre du 4 mai 1963: <em>\u201cTout marche assez bien au noviciat, sauf le ma\u00eetre des novices. Je ne suis pas encore parvenu \u00e0 m\u2019habituer \u00e0 cette maison. \u00c0 cela, il y a de nombreuses raisons: d\u2019abord ma sant\u00e9 qui s\u2019adapte difficilement \u00e0 ce climat humide et changeant, et surtout \u00e0 la nourriture. Il faut avoir bon estomac, bon foie et bons intestins pour dig\u00e9rer la cuisine belge. Malheureusement, ce n\u2019est pas mon cas&#8230; Je ne vois pas du tout \u00e0 Chanly comme rempla\u00e7ant du p\u00e8re Douau. Les circonstances de ma venue ici, les difficult\u00e9s de sant\u00e9 que je rencontre et l\u2019ambiance pas tr\u00e8s \u201cd\u00e9tendant\u201d font de Chanly, pour\u00a0 moi, pour l\u2019instant, plus un lieu de p\u00e9nitence qu\u2019un s\u00e9jour agr\u00e9able.\u201d<\/em><br>* 13 mars 11964 :on lui demande de terminer le mandat du p\u00e8re Redois, nomm\u00e9 \u00e9v\u00eaque, c\u2019est-\u00e0-dire jusqu\u2019en ao\u00fbt 1965. Finalement, un nouveau sup\u00e9rieur est nomm\u00e9 en 1964 et le p\u00e8re Poupard est mis \u00e0 la disposition du sup\u00e9rieur de Pont-Rousseau le 13 juin 1964. Mais il commence par une ann\u00e9e de repos \u00e0 La Croix-Valmer.<br>* 1965 &#8211; 1973 : Rez\u00e9, les Couets. A partir de 1969, il est charg\u00e9 de l\u2019animation missionnaire au Centre Saint-Paul.<br>Une lettre de 1970 dit qu\u2019il a toujours des ennuis de sant\u00e9 et qu\u2019il ne se sent pas \u00e0 la hauteur de sa t\u00e2che<br>19 janvier 1972: nomm\u00e9 vice-sup\u00e9rieur de Pont-Rousseau avec le p\u00e8re Kerl\u00e9v\u00e9o<br>d\u00e9l\u00e9gu\u00e9 \u00e0\u00a0 l\u2019assembl\u00e9e provinciale de 1973<br>* 1973 &#8211; 1975: Mgr Redois l\u2019invite \u00e0 venir passer trois mois \u00e0 Natitingou. Il va y rester deux ans. Le conseil l\u2019autorise \u00e0 profiter de l\u2019offre et l\u2019affecte au dioc\u00e8se de Natitingou, en esp\u00e9rant qu\u2019il pourra y faire un s\u00e9jour normal.<br>Il fait un an \u00e0 Tangui\u00e9ta, rentre se reposer en 1974<br>Il repart \u00e0 Kouand\u00e9<br>lettre du 26 mars 1975: <em>\u201cDans un premier temps, je me voyais assez bien faisant un travail de procure ou de comptabilit\u00e9, tout en assurant un certain travail pastoral.\u201d<\/em><br>* 15 mai 1975, nomm\u00e9 pour un an d\u2019essai \u00e0 Chaponost: animation spirituelle<br>* 16 mars 1976: nomm\u00e9 comptable de la maison de Chaponost, dont il est nomm\u00e9 vice sup\u00e9rieur en 1977<br>* 6 mars 1981: nomm\u00e9 comptable provincial \u00e0 partir du 1er juillet, \u00e0 la suite du p\u00e8re Rozier. Le 1er juillet 1983, il est renomm\u00e9 \u00e0 cette charge pour quatre ans<br>* 1987 &#8211; 1988 : ann\u00e9e de recyclage, avec base \u00e0 Lyon. On compte sur sa pr\u00e9sence pour la vie de la communaut\u00e9 au 150.<br>* 21 avril 1988 : nomm\u00e9 adjoint du p\u00e8re Bouchet au service de l\u2019informatisation des procures. On lui demande de seconder le p\u00e8re Didelot jusqu\u2019\u00e0 l\u2019arriv\u00e9e de Maurice Collaudin.<br>* \u00e0 partir du 1er septembre 1991, et pour 4 ans, nomm\u00e9 \u00e0 la communaut\u00e9 de Rez\u00e9<br>seconder le p\u00e8re Erhel pour la comptabilit\u00e9 et l\u2019\u00e9conomat<br>animation de la maison, ouverture \u00e0 l\u2019ext\u00e9rieur<br>Nomm\u00e9 vice sup\u00e9rieur de la communaut\u00e9 en novembre 1991, fonction prolong\u00e9e en 1995 jusqu\u2019\u00e0 la nomination d\u2019un nouveau sup\u00e9rieur.<br>* 20 juillet 1996: confirm\u00e9 comme comptable de la maison de Rez\u00e9 et nomm\u00e9 \u00e9conome<br>renomm\u00e9 vice-sup\u00e9rieur en 1997 pour trois ans<br>* 24 juin 1999: renomm\u00e9 comptable de Rez\u00e9 pour trois ans, mais d\u00e9charg\u00e9 de la fonction d\u2019\u00e9conome, confi\u00e9e au sup\u00e9rieur de la maison.<br>1991-2002 : \u00e0 Rez\u00e9, vice-sup\u00e9rieur et comptabilit\u00e9 puis en retraite. Il est un peu l&rsquo;\u00e2me de la maison. En plus de son travail d&rsquo;\u00e9conome, il a d\u00fb souvent suppl\u00e9er \u00e0 Louis Perrochaud comme sup\u00e9rieur, et pousser, conseiller G\u00e9rard Boullery. Il se sent bien \u00e0 Rez\u00e9, mais tr\u00e8s fatigu\u00e9 ; il a tr\u00e8s peu de sommeil (4 h par nuit, est une \u00ab\u00a0bonne nuit\u00a0\u00bb pour lui). Il demande \u00e0 partir \u00e0 Montferrier l&rsquo;an prochain, trouvant que le moment est venu de se retirer. Il ne refuserait pas une nomination dans une autre maison o\u00f9 il n&rsquo;aurait pas de responsabilit\u00e9. Il est attentif \u00e0 une bonne vie communautaire (il trouve qu&rsquo;il n&rsquo;y a pas assez de r\u00e9unions de la communaut\u00e9). Il appr\u00e9cie beaucoup l&rsquo;Amicale des Naudi\u00e8res, essaie de l&rsquo;encourager et d&rsquo;y \u00eatre pr\u00e9sent.<br>Roger Poupard : Il a une cruralgie qui le fait bien souffrir. Il avait eu cela lors de son cong\u00e9. C\u2019est revenu r\u00e9cemment. Il travaille \u00e0 l\u2019organisation de la biblioth\u00e8que et suit la pr\u00e9paration de la journ\u00e9e \u00ab Portes Ouvertes \u00bb du 20 octobre. Il est inquiet de la maladie de Raymond Domas.<br>Il va bien. Actuellement, il n&rsquo;a pas de souci particulier de sant\u00e9, \u00e0 part le sommeil qui lui est difficile, mais c&rsquo;est une chose qu&rsquo;il tra\u00eene depuis longtemps. Il participe au maximum aux activit\u00e9s propos\u00e9es par la maison.<br>Il rentre sur ordinateur les livres de la biblioth\u00e8que.<br>Il a une vie tr\u00e8s r\u00e9gl\u00e9e, tr\u00e8s \u00e9quilibr\u00e9e (lecture, pri\u00e8re d\u00e9tente) et tr\u00e8s souple en m\u00eame temps, il sait s\u2019adapter.<br>Il dort peu (quatre \u00e0 cinq heures par nuit). Cela l\u2019ennuie, mais il ne s\u2019affole pas. Il a une certaine philosophie de la vie qui lui permet de regarder ce qui arrive avec s\u00e9r\u00e9nit\u00e9.<br>Il est heureux d\u2019\u00eatre venu assez t\u00f4t dans cette maison qu\u2019il appr\u00e9cie beaucoup.<br>Il est heureux dans la maison et remercie tant le personnel que les confr\u00e8res. Autrefois il participait aux activit\u00e9s de la maison mais maintenant il \u00ab ne peut plus \u00bb.<br>Sa grande souffrance est de ne pas pouvoir dormir la nuit. Il est fatigu\u00e9 le matin et se r\u00e9veille vraiment l\u2019apr\u00e8s-midi pour aller jouer \u00e0 la belotte. (Visite de F. du Penhoat, septembre 2013)<br>Il dit sa joie d\u2019\u00eatre venu assez t\u00f4t \u00e0 Montferrier pour profiter de la retraite pendant que sa sant\u00e9 est encore bonne.<br>Effectivement il est en bonne sant\u00e9 ; mais ce qui le fait souffrir c\u2019est qu\u2019il ne dort pas beaucoup, pas plus de 4 heures par nuit et encore avec des r\u00e9veils.<br>Je remarque qu\u2019\u00e0 certains moments il tremble des mains, en particulier \u00e0 la chapelle. Je le lui dis, mais il me dit que non, puis il reconna\u00eet que peut-\u00eatre cela lui arrive \u00e0 certains moments.<\/p>\n","protected":false},"excerpt":{"rendered":"<p>Le p\u00e8re Roger Poupardd\u00e9c\u00e9d\u00e9 le jeudi 20 mars 2025 \u00e0 l\u2019\u00e2ge de 99 ans.Ses fun\u00e9railles ont \u00e9t\u00e9 c\u00e9l\u00e9br\u00e9es&nbsp;Le samedi 22 mars \u00e0 9 h 30 en la chapelle de&#8230;<\/p>\n","protected":false},"author":4,"featured_media":0,"comment_status":"open","ping_status":"open","sticky":false,"template":"","format":"standard","meta":{"footnotes":""},"categories":[3],"tags":[],"class_list":["post-5188","post","type-post","status-publish","format-standard","hentry","category-necrologe-sma"],"_links":{"self":[{"href":"https:\/\/www.defunts.smainternational.site\/index.php?rest_route=\/wp\/v2\/posts\/5188","targetHints":{"allow":["GET"]}}],"collection":[{"href":"https:\/\/www.defunts.smainternational.site\/index.php?rest_route=\/wp\/v2\/posts"}],"about":[{"href":"https:\/\/www.defunts.smainternational.site\/index.php?rest_route=\/wp\/v2\/types\/post"}],"author":[{"embeddable":true,"href":"https:\/\/www.defunts.smainternational.site\/index.php?rest_route=\/wp\/v2\/users\/4"}],"replies":[{"embeddable":true,"href":"https:\/\/www.defunts.smainternational.site\/index.php?rest_route=%2Fwp%2Fv2%2Fcomments&post=5188"}],"version-history":[{"count":4,"href":"https:\/\/www.defunts.smainternational.site\/index.php?rest_route=\/wp\/v2\/posts\/5188\/revisions"}],"predecessor-version":[{"id":5295,"href":"https:\/\/www.defunts.smainternational.site\/index.php?rest_route=\/wp\/v2\/posts\/5188\/revisions\/5295"}],"wp:attachment":[{"href":"https:\/\/www.defunts.smainternational.site\/index.php?rest_route=%2Fwp%2Fv2%2Fmedia&parent=5188"}],"wp:term":[{"taxonomy":"category","embeddable":true,"href":"https:\/\/www.defunts.smainternational.site\/index.php?rest_route=%2Fwp%2Fv2%2Fcategories&post=5188"},{"taxonomy":"post_tag","embeddable":true,"href":"https:\/\/www.defunts.smainternational.site\/index.php?rest_route=%2Fwp%2Fv2%2Ftags&post=5188"}],"curies":[{"name":"wp","href":"https:\/\/api.w.org\/{rel}","templated":true}]}}