{"id":520,"date":"1879-01-22T09:11:25","date_gmt":"1879-01-22T09:11:25","guid":{"rendered":"https:\/\/bkpdefunts.smainternational.info\/?p=520"},"modified":"2024-02-28T21:10:00","modified_gmt":"2024-02-28T21:10:00","slug":"le-pere-francois-cloud","status":"publish","type":"post","link":"https:\/\/www.defunts.smainternational.site\/?p=520","title":{"rendered":"Le P\u00e8re Fran\u00e7ois CLOUD"},"content":{"rendered":"<p><strong>Soci\u00e9t\u00e9 des Missions Africaines<\/strong><\/p>\n<table style=\"height: 17px; width: 957px;\">\n<tbody>\n<tr>\n<td><img loading=\"lazy\" decoding=\"async\" class=\" size-full wp-image-519\" src=\"https:\/\/www.defunts.smainternational.site\/wp-content\/uploads\/2015\/01\/cloud_francois.jpg\" alt=\"cloud francois\" width=\"113\" height=\"141\" \/><\/td>\n<td>n\u00e9 le 5 octobre 1836 \u00e0 Kabirac (Dordogne<br \/>dans le dioc\u00e8se de P\u00e9rigueux (France)<br \/>membre de la SMA le 9 octobre 1861<br \/>pr\u00eatre le 24 ao\u00fbt 1864<br \/>d\u00e9c\u00e9d\u00e9 le 22 janvier 1879<\/td>\n<td>\n<p>1864-1867 missionnaire au D\u00e9homey<\/p>\n<p>1867-1868 en France<br \/>1867-1873 missionnaire \u00e0 la C\u00f4te du B\u00e9nin<br \/>1873 rappel\u00e9 en France<br \/>1873-1876 sup\u00e9rieur d\u00e9l\u00e9gu\u00e9 en Afrique<br \/>1876-1878 Lyon<br \/>1878-1879 Nice<\/p>\n<p>d\u00e9c\u00e9d\u00e9 \u00e0 Nice, France, le 22 janvier 1879,<br \/>\u00e0 l\u2019\u00e2ge de 42 ans<\/p>\n<\/td>\n<\/tr>\n<\/tbody>\n<\/table>\n<p>Le p\u00e8re Fran\u00e7ois CLOUD (1836 &#8211; 1879)<\/p>\n<p>Au sanatorium de Nice, le 22 janvier 1879, retour \u00e0 Dieu du p\u00e8re Fran\u00e7ois Cloud, ancien sup\u00e9rieur d\u00e9l\u00e9gu\u00e9 du vicariat de la C\u00f4te du B\u00e9nin, \u00e0 l&rsquo;\u00e2ge de 42 ans.<\/p>\n<p>Fran\u00e7ois Cloud naquit le 5 octobre 1836, \u00e0 Kabirat, canton de Domme (Dordogne), dans le dioc\u00e8se de P\u00e9rigueux. Apr\u00e8s avoir fait son latin chez M. Boyer, cur\u00e9 de Gommiers, il entra en 1859 aux Missions Etrang\u00e8res de Paris. Il y commen\u00e7a sa th\u00e9ologie et y re\u00e7ut la tonsure. Le 16 septembre 1860, il entrait aux Missions Africaines et, le 9 octobre 1861, il faisait son serment. Dix jours plus tard, il s&#8217;embarquait \u00e0 Brest avec M. Courdioux pour la mission du Dahomey, o\u00f9 ils arriv\u00e8rent le 11 d\u00e9cembre, apr\u00e8s avoir fait escale aux Canaries, au S\u00e9n\u00e9gal et en Sierra-Leone.<\/p>\n<p>M. Cloud travailla avec z\u00e8le tout en continuant sa th\u00e9ologie. Au d\u00e9but d&rsquo;ao\u00fbt 1863, il s&#8217;embarqua pour le Gabon, afin de se faire ordonner pr\u00eatre par Mgr Bessieux, mais l&rsquo;ordination ne put avoir lieu et, \u00e0 la mi-septembre, il \u00e9tait de retour \u00e0 Ouidah.<\/p>\n<p>Le 13 f\u00e9vrier 1864, il s&#8217;embarquait cette fois pour la France, mais apr\u00e8s une navigation malheureuse, il se trouvait le 16 mai en rade de Ouidah, et toujours clerc tonsur\u00e9.<\/p>\n<p>Le 4 juin, il repartait de Lagos et enfin, par Liverpool, arriva \u00e0 Lyon le 13 juillet. En un mois, il va recevoir les quatre ordres mineurs et les trois majeurs. Il re\u00e7ut, en effet, le sacerdoce le 24 ao\u00fbt 1864. Il ne tarda pas en Europe car, en d\u00e9cembre, il \u00e9tait de retour au Dahomey. Nomm\u00e9 sup\u00e9rieur \u00e0 Ouidah en avril 1866, il n&rsquo;y resta pas un an, car, en f\u00e9vrier 1867, gravement malade, il dut rentrer en France. Bien r\u00e9tabli, il repartait en d\u00e9cembre 1868. Apr\u00e8s un cours s\u00e9jour \u00e0 Porto-Novo, il \u00e9tait nomm\u00e9 sup\u00e9rieur de Lagos le 2 d\u00e9cembre 1869. Il arriva en cette ville en janvier 1870 et se mit de suite \u00e0 construire une \u00e9cole, se faisant pour cela briquetier et ma\u00e7on.<\/p>\n<p>En mars 1873, Le p\u00e8re Planque rappelait \u00e0 Lyon le p\u00e8re Courdioux, son d\u00e9l\u00e9gu\u00e9 et le p\u00e8re Cloud. En novembre, le p\u00e8re Cloud reprenait le chemin de l&rsquo;Afrique, avec le titre de sup\u00e9rieur d\u00e9l\u00e9gu\u00e9 du p\u00e8re Planque. Arriv\u00e9 \u00e0 Lagos le 5 d\u00e9cembre, il prenait la direction du vicariat de la C\u00f4te du B\u00e9nin, charge qu&rsquo;il conserva jusqu&rsquo;en mai 1876.<\/p>\n<p>Le p\u00e8re Cloud souffrit beaucoup moralement et physiquement. Il souffrit d&rsquo;abord de sa charge elle-m\u00eame; il la recevait en un moment o\u00f9 il y avait de r\u00e9elles difficult\u00e9s \u00e0 r\u00e9soudre. Il souffrit de la part des mauvais chr\u00e9tiens et de la part des sectes ma\u00e7onniques qui lui vouaient une haine implacable. Il eut \u00e0 souffrir dans ce qu&rsquo;on appelle le \u00ab\u00a0complot de Nice\u00a0\u00bb: un confr\u00e8re voulait en faire un des chefs du complot. Tromp\u00e9 au d\u00e9but, il se fait l&rsquo;\u00e9cho des calomnies que l&rsquo;on colportait contre le p\u00e8re Planque. Bient\u00f4t, il comprit, se ressaisit, refusa toute participation et, naturellement, fut trait\u00e9 de \u00ab\u00a0tra\u00eetre\u00a0\u00bb.<\/p>\n<p>Physiquement, il souffrit du climat et de nombreux maux de t\u00eate. Au d\u00e9but de 1876, il insista \u00e0 nouveau aupr\u00e8s du p\u00e8re Planque pour que ce dernier accepte sa d\u00e9mission. Il n&rsquo;en pouvait vraiment plus. Il se disait \u00ab\u00a0incapable\u00a0\u00bb, il n&rsquo;\u00e9tait pas \u00ab\u00a0l&rsquo;homme qu&rsquo;il faut\u00a0\u00bb. Le p\u00e8re Planque lui permet de rentrer \u00e0 Lyon o\u00f9 il voulait en faire son conseiller.<\/p>\n<p>De plus en plus malade, le p\u00e8re Cloud se retira \u00e0 Nice, notre premier sanatorium fond\u00e9 par le p\u00e8re Papetard. Il y mourut peu apr\u00e8s.<\/p>\n<p>Dix-huit jours apr\u00e8s l&rsquo;enterrement, on dut exhumer le p\u00e8re, le cercueil s&rsquo;\u00e9tant entrouvert; le corps parut intact, n&rsquo;exhalant aucune mauvaise odeur, chose qui n&rsquo;a pas peu surpris les nombreux t\u00e9moins.<\/p>\n<p>Cette vie remplie de voyages et d&rsquo;\u00e9preuves nous aide \u00e0 mieux comprendre les souffrances de nos a\u00een\u00e9s. Ayons toujours une grande v\u00e9n\u00e9ration pour eux et inspirons-nous de leur exemple. Ils ont pr\u00e9par\u00e9 les belles moissons que nous allons maintenant r\u00e9colter&#8230; Conna\u00eetre pour aimer.<\/p>\n","protected":false},"excerpt":{"rendered":"<p>Soci\u00e9t\u00e9 des Missions Africaines n\u00e9 le 5 octobre 1836 \u00e0 Kabirac (Dordognedans le dioc\u00e8se de P\u00e9rigueux (France)membre de la SMA le 9 octobre 1861pr\u00eatre le 24 ao\u00fbt 1864d\u00e9c\u00e9d\u00e9 le&#8230;<\/p>\n","protected":false},"author":1,"featured_media":519,"comment_status":"open","ping_status":"open","sticky":false,"template":"","format":"standard","meta":{"footnotes":""},"categories":[3],"tags":[],"class_list":["post-520","post","type-post","status-publish","format-standard","has-post-thumbnail","hentry","category-necrologe-sma"],"_links":{"self":[{"href":"https:\/\/www.defunts.smainternational.site\/index.php?rest_route=\/wp\/v2\/posts\/520","targetHints":{"allow":["GET"]}}],"collection":[{"href":"https:\/\/www.defunts.smainternational.site\/index.php?rest_route=\/wp\/v2\/posts"}],"about":[{"href":"https:\/\/www.defunts.smainternational.site\/index.php?rest_route=\/wp\/v2\/types\/post"}],"author":[{"embeddable":true,"href":"https:\/\/www.defunts.smainternational.site\/index.php?rest_route=\/wp\/v2\/users\/1"}],"replies":[{"embeddable":true,"href":"https:\/\/www.defunts.smainternational.site\/index.php?rest_route=%2Fwp%2Fv2%2Fcomments&post=520"}],"version-history":[{"count":1,"href":"https:\/\/www.defunts.smainternational.site\/index.php?rest_route=\/wp\/v2\/posts\/520\/revisions"}],"predecessor-version":[{"id":4749,"href":"https:\/\/www.defunts.smainternational.site\/index.php?rest_route=\/wp\/v2\/posts\/520\/revisions\/4749"}],"wp:featuredmedia":[{"embeddable":true,"href":"https:\/\/www.defunts.smainternational.site\/index.php?rest_route=\/wp\/v2\/media\/519"}],"wp:attachment":[{"href":"https:\/\/www.defunts.smainternational.site\/index.php?rest_route=%2Fwp%2Fv2%2Fmedia&parent=520"}],"wp:term":[{"taxonomy":"category","embeddable":true,"href":"https:\/\/www.defunts.smainternational.site\/index.php?rest_route=%2Fwp%2Fv2%2Fcategories&post=520"},{"taxonomy":"post_tag","embeddable":true,"href":"https:\/\/www.defunts.smainternational.site\/index.php?rest_route=%2Fwp%2Fv2%2Ftags&post=520"}],"curies":[{"name":"wp","href":"https:\/\/api.w.org\/{rel}","templated":true}]}}