{"id":611,"date":"2015-01-02T16:42:27","date_gmt":"2015-01-02T16:42:27","guid":{"rendered":"https:\/\/bkpdefunts.smainternational.info\/?p=611"},"modified":"2015-01-02T16:42:27","modified_gmt":"2015-01-02T16:42:27","slug":"le-pere-giovanni-piergentili","status":"publish","type":"post","link":"https:\/\/www.defunts.smainternational.site\/?p=611","title":{"rendered":"Le P\u00e8re Giovanni PIERGENTILI"},"content":{"rendered":"<p><strong>Soci\u00e9t\u00e9 des Missions Africaines \u2013Province de Lyon<\/strong><\/p>\n<table style=\"height: 17px; width: 966px;\">\n<tbody>\n<tr>\n<td><img loading=\"lazy\" decoding=\"async\" class=\" size-full wp-image-610\" src=\"https:\/\/www.defunts.smainternational.site\/wp-content\/uploads\/2015\/01\/piergentili_giovanni.jpg\" alt=\"piergentili giovanni\" width=\"113\" height=\"141\" \/><\/td>\n<td>n\u00e9 le 26 f\u00e9vrier 1882 \u00e0 Corchiano<br \/>dans le dioc\u00e8se de Civit\u00e0 Castellana, Italie<br \/>membre de la SMA le 22 f\u00e9vrier 1908<br \/>pr\u00eatre le 19 avril 1908<br \/>d\u00e9c\u00e9d\u00e9 le 30 janvier 1952<\/td>\n<td>\n<p>1908-1908-1915 missionnaire au Delta du Nil<\/p>\n<p>1916 Lyon, grand s\u00e9minaire, professeur<br \/>1916-1939 missionnaire en Egypte<br \/>1939-1952 Rome, maison g\u00e9n\u00e9rale<br \/>1946-1952, procureur g\u00e9n\u00e9ral<\/p>\n<p>d\u00e9c\u00e9d\u00e9 \u00e0 Corchiano, Italie, le 30 janvier 1952,<br \/>\u00e0 l&rsquo;\u00e2ge de 69 ans<\/p>\n<\/td>\n<\/tr>\n<\/tbody>\n<\/table>\n<p>Le p\u00e8re Giovanni PIERGENTILI (1882 &#8211; 1952)<\/p>\n<p>Le 30 janvier 1952, \u00e0 Corchiano (Italie), retour \u00e0 Dieu du p\u00e8re Giovanni Piergentili, le \u00ab\u00a0bon p\u00e8re Giovanni\u00a0\u00bb, procureur g\u00e9n\u00e9ral de la Soci\u00e9t\u00e9, \u00e0 l&rsquo;\u00e2ge de 69 ans.<\/p>\n<p>Giovanni Piergentili naquit \u00e0 Corchiano, dans le dioc\u00e8se de Civit\u00e0 Castellana, le 26 f\u00e9vrier 1882. Il fit ses \u00e9tudes dans son dioc\u00e8se et quelques mois de th\u00e9ologie \u00e0 Rome. Entr\u00e9 aux Missions Africaines en 1906, il \u00e9mit le serment et fut ordonn\u00e9 pr\u00eatre en 1908. Sa vie de missionnaire se passa en Egypte de 1908 \u00e0 1939, sauf quelques mois qu&rsquo;il passa comme professeur au grand s\u00e9minaire de Lyon en 1916. En 1939, en raison des circonstances, en vue des int\u00e9r\u00eats sup\u00e9rieurs de la Soci\u00e9t\u00e9, il est rappel\u00e9 d&rsquo;Egypte par le p\u00e8re Slattery. Il devenait procureur g\u00e9n\u00e9ral en 1946. Le nouveau conseil de 1947 le confirma dans sa charge.<\/p>\n<p>Il remplit avec honneur et conscience cette charge si d\u00e9licate, sans oublier pour autant le minist\u00e8re pastoral auquel il consacrait au moins deux jours par semaine, aidant en particulier les cur\u00e9s de la r\u00e9gion de Corchiano. En ces temps si difficiles pour le ravitaillement, il remplissait aussi la lourde charge d&rsquo;\u00e9conome et il faisait cela \u00e0 la perfection, car vraiment rien ne manquait. D&rsquo;ailleurs, il \u00e9tait trop bon pour voir ses confr\u00e8res manquer de quelque chose. Mais que de fatigues et de peines ces devoirs lui occasionnaient.<\/p>\n<p>Il fut un \u00ab\u00a0bon\u00a0\u00bb et \u00ab\u00a0saint\u00a0\u00bb pr\u00eatre. La bont\u00e9 et la saintet\u00e9 de son c\u0153ur resteront profond\u00e9ment grav\u00e9es dans l&rsquo;esprit et le c\u0153ur de ceux qui l&rsquo;ont connu.<\/p>\n<p>Que d&rsquo;\u00e2mes le cher p\u00e8re a form\u00e9es au cat\u00e9chisme, dans les diverses associations qu&rsquo;il a dirig\u00e9es, surtout au confessionnal. Le centre de sa profonde pi\u00e9t\u00e9 et de son z\u00e8le apostolique \u00e9tait l&rsquo;Eucharistie et la d\u00e9votion \u00e0 la sainte Vierge. Il avait aussi un grand amour de l&rsquo;Eglise et lui qui parlait peu savait s&rsquo;enflammer pour la d\u00e9fendre.<\/p>\n<p>Le Seigneur lui m\u00e9nagea une lourde \u00e9preuve avant de le rappeler \u00e0 Lui et le p\u00e8re accepta tout avec patience, ne se plaignant pratiquement jamais.<\/p>\n","protected":false},"excerpt":{"rendered":"<p>Soci\u00e9t\u00e9 des Missions Africaines \u2013Province de Lyon n\u00e9 le 26 f\u00e9vrier 1882 \u00e0 Corchianodans le dioc\u00e8se de Civit\u00e0 Castellana, Italiemembre de la SMA le 22 f\u00e9vrier 1908pr\u00eatre le 19&#8230;<\/p>\n","protected":false},"author":1,"featured_media":610,"comment_status":"open","ping_status":"open","sticky":false,"template":"","format":"standard","meta":{"footnotes":""},"categories":[3],"tags":[],"class_list":["post-611","post","type-post","status-publish","format-standard","has-post-thumbnail","hentry","category-necrologe-sma"],"_links":{"self":[{"href":"https:\/\/www.defunts.smainternational.site\/index.php?rest_route=\/wp\/v2\/posts\/611","targetHints":{"allow":["GET"]}}],"collection":[{"href":"https:\/\/www.defunts.smainternational.site\/index.php?rest_route=\/wp\/v2\/posts"}],"about":[{"href":"https:\/\/www.defunts.smainternational.site\/index.php?rest_route=\/wp\/v2\/types\/post"}],"author":[{"embeddable":true,"href":"https:\/\/www.defunts.smainternational.site\/index.php?rest_route=\/wp\/v2\/users\/1"}],"replies":[{"embeddable":true,"href":"https:\/\/www.defunts.smainternational.site\/index.php?rest_route=%2Fwp%2Fv2%2Fcomments&post=611"}],"version-history":[{"count":0,"href":"https:\/\/www.defunts.smainternational.site\/index.php?rest_route=\/wp\/v2\/posts\/611\/revisions"}],"wp:featuredmedia":[{"embeddable":true,"href":"https:\/\/www.defunts.smainternational.site\/index.php?rest_route=\/wp\/v2\/media\/610"}],"wp:attachment":[{"href":"https:\/\/www.defunts.smainternational.site\/index.php?rest_route=%2Fwp%2Fv2%2Fmedia&parent=611"}],"wp:term":[{"taxonomy":"category","embeddable":true,"href":"https:\/\/www.defunts.smainternational.site\/index.php?rest_route=%2Fwp%2Fv2%2Fcategories&post=611"},{"taxonomy":"post_tag","embeddable":true,"href":"https:\/\/www.defunts.smainternational.site\/index.php?rest_route=%2Fwp%2Fv2%2Ftags&post=611"}],"curies":[{"name":"wp","href":"https:\/\/api.w.org\/{rel}","templated":true}]}}