{"id":735,"date":"2015-01-14T16:39:32","date_gmt":"2015-01-14T16:39:32","guid":{"rendered":"https:\/\/bkpdefunts.smainternational.info\/?p=735"},"modified":"2015-01-14T16:39:32","modified_gmt":"2015-01-14T16:39:32","slug":"le-frere-jean-marie-maisonneuve","status":"publish","type":"post","link":"https:\/\/www.defunts.smainternational.site\/?p=735","title":{"rendered":"Le Fr\u00e8re Jean-Marie MAISONNEUVE"},"content":{"rendered":"<p><strong>Soci\u00e9t\u00e9 des Missions Africaines \u2013Province de Lyon<\/strong><\/p>\n<table style=\"height: 17px; width: 1043px;\">\n<tbody>\n<tr>\n<td><img loading=\"lazy\" decoding=\"async\" class=\" size-full wp-image-734\" src=\"https:\/\/www.defunts.smainternational.site\/wp-content\/uploads\/2015\/01\/Maisonneuve_Jean-Marie.jpg\" alt=\"Maisonneuve Jean Marie\" width=\"113\" height=\"141\" \/><\/td>\n<td>n\u00e9 le 17 novembre 1890 \u00e0 la Chapelle-sur-Erdre<br \/>dans le dioc\u00e8se de Nantes, France<br \/>membre de la SMA le 14 novembre 1920<br \/>serment perp\u00e9tuel le 23 septembre 1926<br \/>d\u00e9c\u00e9d\u00e9 le 8 f\u00e9vrier 1979<\/td>\n<td>\n<p>1920-1929 Lyon<br \/>1929-1937 Off\u00e9mont<br \/>1937-1938 Le Rozay<br \/>1939-1962 Lyon<br \/>1962-1979 Chamali\u00e8res<\/p>\n<p>d\u00e9c\u00e9d\u00e9 \u00e0 Clermont-Ferrand, France, le 8 f\u00e9vrier 1979,<br \/>\u00e0 l&rsquo;\u00e2ge de 88 ans<\/p>\n<\/td>\n<\/tr>\n<\/tbody>\n<\/table>\n<p>Le fr\u00e8re Jean-Marie MAISONNEUVE (1890 &#8211; 1979)<\/p>\n<p>Jean-Marie Maisonneuve na\u00eet le 17 novembre 1890 \u00e0 La-Chapelle-sur-Erdre, en Loire-Atlantique, dans une famille chr\u00e9tienne. Il fait ses \u00e9tudes primaires \u00e0 l\u2019\u00e9cole publique de Casson. Ses parents, agriculteurs, lui donneront le go\u00fbt de la terre qu\u2019il gardera jusqu\u2019\u00e0 ses derniers jours.<\/p>\n<p>Le 25 novembre 1909, il entre \u00e0 Pont-Rousseau pour commencer ses \u00e9tudes. De 1911 \u00e0 1913, il effectue son service militaire et revient \u00e0 Pont-Rousseau. Mais il fait partie de cette g\u00e9n\u00e9ration qui se retrouvera tr\u00e8s vite engag\u00e9e dans la guerre. Gravement bless\u00e9 le 6 septembre 1914 dans les combats de Champagne, \u00e0 F\u00e8re-Champenoise, il est \u00e9vacu\u00e9 et sera totalement r\u00e9form\u00e9 en 1920.<\/p>\n<p>Les \u00e9preuves de la guerre n\u2019ont pas \u00e9branl\u00e9 son d\u00e9sir de consacrer sa vie \u00e0 la mission en Afrique. Le 22 avril 1919, il entre au noviciat de Martign\u00e9-Ferchaud qui vient d\u2019ouvrir. Il y prononce son premier serment le 14 novembre 1920.<br \/> sa tombe \u00e0 Chamali\u00e8res<br \/>Quelques jours plus tard, il rejoint la maison de Lyon. Le Conseil provincial vient de faire l\u2019acquisition d\u2019une imprimerie pour \u00e9diter diff\u00e9rentes revues et le fr\u00e8re Jean-Marie va s\u2019initier au travail d\u2019imprimeur, sous la conduite d\u2019un fr\u00e8re sma venu de Hollande. Il continuera son travail \u00e0 Off\u00e9mont \u00e0 partir de 1929, puis au Rozay et finalement dans les sous-sols du 150. Il deviendra tr\u00e8s comp\u00e9tent et en assurera un moment la direction. Il menait les affaires de l\u2019imprimerie avec beaucoup de fermet\u00e9 et de rigueur.<\/p>\n<p>En 1938, il lui sera propos\u00e9 de partir en Egypte. Il r\u00e9pond au p\u00e8re provincial : Apr\u00e8s avoir beaucoup r\u00e9fl\u00e9chi et surtout pri\u00e9, c\u2019est avec plaisir que je partirai en Egypte, si vous voulez bien m\u2019y envoyer. Il s\u2019explique sur la joie qu\u2019il \u00e9prouve \u00e0 la perspective de partir : Ne croyez pas que, si j\u2019accepte avec plaisir de partir en mission, c\u2019est pour avoir moins de croix. Je ne me fais pas d\u2019illusion : en mission, il y aura autant, sinon davantage, \u00e0 souffrir qu\u2019en Europe. Finalement, il reste \u00e0 l\u2019imprimerie. Peut-\u00eatre, est-ce la menace de d\u00e9claration de guerre qui retardera la r\u00e9alisation de ce projet et, finalement, emp\u00eachera le fr\u00e8re Jean-Marie de travailler \u00e0 la Mission ailleurs qu\u2019en France.<\/p>\n<p>Souvent enferm\u00e9 dans les sous-sols de l\u2019imprimerie et d\u00e9sireux de retrouver un peu de soleil, le fr\u00e8re Jean-Marie occupe ses loisirs en s\u2019occupant du petit jardin du 150. Il en fait un jardin d\u2019agr\u00e9ment o\u00f9 poussent les fleurs et les plantes vertes sur lesquelles il veille avec beaucoup d\u2019attention et d\u2019amour.<\/p>\n<p>En 1962, de graves ennuis pulmonaires conduisent le Conseil provincial \u00e0 lui demander de rejoindre la maison sma de Chamali\u00e8res, dans le Puy-de-D\u00f4me, pour quelques mois de convalescence. Le climat d\u2019Auvergne, plus sec que celui de Lyon, ne peut lui faire que du bien. Cette nomination provisoire durera si longtemps qu\u2019il ne reviendra plus \u00e0 Lyon. Il se consacrera d\u00e9sormais tout entier \u00e0 ce qu\u2019il aime : le jardin et les fleurs.<\/p>\n<p>En 1968, il doit subir plusieurs op\u00e9rations et s\u2019\u00e9loigne de Chamali\u00e8res pour un an, passant sa convalescence \u00e0 Anduze, dans la r\u00e9gion de N\u00eemes. On lui propose alors de rejoindre La Croix-Valmer ou Chaponost. Mais il sollicite de revenir \u00e0 Chamali\u00e8res, une maison qu\u2019il conna\u00eet bien, o\u00f9 le climat lui convient, et dans laquelle il se trouve tr\u00e8s \u00e0 l\u2019aise, au milieu des s\u00e9minaristes, puis des novices.<\/p>\n<p>C\u2019est \u00e0 Chamali\u00e8res qu\u2019il vit ses derni\u00e8res ann\u00e9es, jusqu\u2019\u00e0 sa mort, le 8 f\u00e9vrier 1979. Il vient de f\u00eater ses 88 ans. Il a pass\u00e9 toute sa vie missionnaire en France, sans jamais se plaindre, essayant de r\u00e9aliser au mieux le service qu\u2019on lui demandait. Il est rest\u00e9, jusqu\u2019au dernier jour, un mod\u00e8le de d\u00e9vouement, de bonne humeur et de jeunesse de c\u0153ur.<\/p>\n","protected":false},"excerpt":{"rendered":"<p>Soci\u00e9t\u00e9 des Missions Africaines \u2013Province de Lyon n\u00e9 le 17 novembre 1890 \u00e0 la Chapelle-sur-Erdredans le dioc\u00e8se de Nantes, Francemembre de la SMA le 14 novembre 1920serment perp\u00e9tuel le&#8230;<\/p>\n","protected":false},"author":1,"featured_media":734,"comment_status":"open","ping_status":"open","sticky":false,"template":"","format":"standard","meta":{"footnotes":""},"categories":[3],"tags":[],"class_list":["post-735","post","type-post","status-publish","format-standard","has-post-thumbnail","hentry","category-necrologe-sma"],"_links":{"self":[{"href":"https:\/\/www.defunts.smainternational.site\/index.php?rest_route=\/wp\/v2\/posts\/735","targetHints":{"allow":["GET"]}}],"collection":[{"href":"https:\/\/www.defunts.smainternational.site\/index.php?rest_route=\/wp\/v2\/posts"}],"about":[{"href":"https:\/\/www.defunts.smainternational.site\/index.php?rest_route=\/wp\/v2\/types\/post"}],"author":[{"embeddable":true,"href":"https:\/\/www.defunts.smainternational.site\/index.php?rest_route=\/wp\/v2\/users\/1"}],"replies":[{"embeddable":true,"href":"https:\/\/www.defunts.smainternational.site\/index.php?rest_route=%2Fwp%2Fv2%2Fcomments&post=735"}],"version-history":[{"count":0,"href":"https:\/\/www.defunts.smainternational.site\/index.php?rest_route=\/wp\/v2\/posts\/735\/revisions"}],"wp:featuredmedia":[{"embeddable":true,"href":"https:\/\/www.defunts.smainternational.site\/index.php?rest_route=\/wp\/v2\/media\/734"}],"wp:attachment":[{"href":"https:\/\/www.defunts.smainternational.site\/index.php?rest_route=%2Fwp%2Fv2%2Fmedia&parent=735"}],"wp:term":[{"taxonomy":"category","embeddable":true,"href":"https:\/\/www.defunts.smainternational.site\/index.php?rest_route=%2Fwp%2Fv2%2Fcategories&post=735"},{"taxonomy":"post_tag","embeddable":true,"href":"https:\/\/www.defunts.smainternational.site\/index.php?rest_route=%2Fwp%2Fv2%2Ftags&post=735"}],"curies":[{"name":"wp","href":"https:\/\/api.w.org\/{rel}","templated":true}]}}