{"id":853,"date":"2015-01-17T15:22:08","date_gmt":"2015-01-17T15:22:08","guid":{"rendered":"https:\/\/bkpdefunts.smainternational.info\/?p=853"},"modified":"2015-01-17T15:22:08","modified_gmt":"2015-01-17T15:22:08","slug":"le-pere-julien-praud","status":"publish","type":"post","link":"https:\/\/www.defunts.smainternational.site\/?p=853","title":{"rendered":"Le P\u00e8re Julien PRAUD"},"content":{"rendered":"<p><strong>Soci\u00e9t\u00e9 des Missions Africaines \u2013Province de Lyon<\/strong><\/p>\n<table style=\"height: 17px; width: 1023px;\">\n<tbody>\n<tr>\n<td><img loading=\"lazy\" decoding=\"async\" class=\" size-full wp-image-852\" src=\"https:\/\/www.defunts.smainternational.site\/wp-content\/uploads\/2015\/01\/Praud_Julien.jpg\" alt=\"Praud Julien\" width=\"113\" height=\"141\" \/><\/td>\n<td>n\u00e9 le 4 mai 1890 \u00e0 Saint-Omer de Blain<br \/>dans le dioc\u00e8se de Nantes, France<br \/>membre de la SMA le 22 d\u00e9cembre 1912<br \/>pr\u00eatre le 12 juillet 1914<br \/>d\u00e9c\u00e9d\u00e9 le 22 f\u00e9vrier 1953<\/td>\n<td>\n<p>1914-1918 mobilis\u00e9, puis r\u00e9form\u00e9<\/p>\n<p>1919-1928 Pont-Rousseau, professeur<br \/>1928-1947 Baudonne, \u00e9conome et professeur<br \/>1947-1953 V\u00e9nissieux, aum\u00f4nier des s\u0153urs nda<\/p>\n<p>d\u00e9c\u00e9d\u00e9 \u00e0 V\u00e9nissieux, France, le 22 f\u00e9vrier 1953,<br \/>\u00e0 l&rsquo;\u00e2ge de 63 ans<\/p>\n<\/td>\n<\/tr>\n<\/tbody>\n<\/table>\n<p>Le p\u00e8re Julien PRAUD (1890 &#8211; 1953)<\/p>\n<p>Le 22 f\u00e9vrier 1953, \u00e0 V\u00e9nissieux o\u00f9 il \u00e9tait aum\u00f4nier des S\u0153urs de Notre-Dame des Ap\u00f4tres, retour \u00e0 Dieu du p\u00e8re Julien Praud, \u00e0 l&rsquo;\u00e2ge de 63 ans.<\/p>\n<p>Julien Praud naquit \u00e0 Saint-Omer de Blain, dans le dioc\u00e8se de Nantes, en 1890. Il fit toutes ses \u00e9tudes dans les maisons de la Soci\u00e9t\u00e9. Ayant \u00e9mis le serment en 1912, il fut ordonn\u00e9 pr\u00eatre le 12 juillet 1914. D&rsquo;abord nomm\u00e9 au Dahomey, il ne peut s&rsquo;y rendre, d&rsquo;abord pour des raisons de sant\u00e9, et, de plus, par suite de la d\u00e9claration de guerre. Bien que r\u00e9form\u00e9 pour le service militaire, il fut cependant mobilis\u00e9 pendant quelque temps. Affect\u00e9 comme professeur \u00e0 Pont-Rousseau , en 1928 il allait \u00e0 Baudonne comme \u00e9conome et professeur. En 1947, il devenait aum\u00f4nier de V\u00e9nissieux.<\/p>\n","protected":false},"excerpt":{"rendered":"<p>Soci\u00e9t\u00e9 des Missions Africaines \u2013Province de Lyon n\u00e9 le 4 mai 1890 \u00e0 Saint-Omer de Blaindans le dioc\u00e8se de Nantes, Francemembre de la SMA le 22 d\u00e9cembre 1912pr\u00eatre le&#8230;<\/p>\n","protected":false},"author":1,"featured_media":852,"comment_status":"open","ping_status":"open","sticky":false,"template":"","format":"standard","meta":{"footnotes":""},"categories":[3],"tags":[],"class_list":["post-853","post","type-post","status-publish","format-standard","has-post-thumbnail","hentry","category-necrologe-sma"],"_links":{"self":[{"href":"https:\/\/www.defunts.smainternational.site\/index.php?rest_route=\/wp\/v2\/posts\/853","targetHints":{"allow":["GET"]}}],"collection":[{"href":"https:\/\/www.defunts.smainternational.site\/index.php?rest_route=\/wp\/v2\/posts"}],"about":[{"href":"https:\/\/www.defunts.smainternational.site\/index.php?rest_route=\/wp\/v2\/types\/post"}],"author":[{"embeddable":true,"href":"https:\/\/www.defunts.smainternational.site\/index.php?rest_route=\/wp\/v2\/users\/1"}],"replies":[{"embeddable":true,"href":"https:\/\/www.defunts.smainternational.site\/index.php?rest_route=%2Fwp%2Fv2%2Fcomments&post=853"}],"version-history":[{"count":0,"href":"https:\/\/www.defunts.smainternational.site\/index.php?rest_route=\/wp\/v2\/posts\/853\/revisions"}],"wp:featuredmedia":[{"embeddable":true,"href":"https:\/\/www.defunts.smainternational.site\/index.php?rest_route=\/wp\/v2\/media\/852"}],"wp:attachment":[{"href":"https:\/\/www.defunts.smainternational.site\/index.php?rest_route=%2Fwp%2Fv2%2Fmedia&parent=853"}],"wp:term":[{"taxonomy":"category","embeddable":true,"href":"https:\/\/www.defunts.smainternational.site\/index.php?rest_route=%2Fwp%2Fv2%2Fcategories&post=853"},{"taxonomy":"post_tag","embeddable":true,"href":"https:\/\/www.defunts.smainternational.site\/index.php?rest_route=%2Fwp%2Fv2%2Ftags&post=853"}],"curies":[{"name":"wp","href":"https:\/\/api.w.org\/{rel}","templated":true}]}}